{"id":117707,"date":"2023-05-03T13:40:56","date_gmt":"2023-05-03T16:40:56","guid":{"rendered":"https:\/\/eldiariodesanpedro.com.ar\/sitio\/?p=117707"},"modified":"2023-05-03T13:44:16","modified_gmt":"2023-05-03T16:44:16","slug":"san-pedro-busca-apoyo-del-ministerio-de-turismo-para-promocionar-la-ciudad-y-la-fiesta-de-la-naranja","status":"publish","type":"post","link":"https:\/\/eldiariodesanpedro.com.ar\/sitio\/san-pedro-busca-apoyo-del-ministerio-de-turismo-para-promocionar-la-ciudad-y-la-fiesta-de-la-naranja\/","title":{"rendered":"San Pedro busca apoyo del Ministerio de Turismo para promocionar la ciudad y la Fiesta de la Naranja"},"content":{"rendered":"<!-- VideographyWP Plugin Message: Automatic video embedding prevented by plugin options. -->\n\n<p>El Intendente de San Pedro, Cecilio Salazar, junto al Secretario de Hacienda, Alfredo Carrasco, y la Secretaria de Turismo y Cultura, Mariela L\u00f3pez, se reunieron este martes con Yanina Mart\u00ednez, Secretaria de Promoci\u00f3n Tur\u00edstica de la Naci\u00f3n, para coordinar acciones y contar con el apoyo econ\u00f3mico del ministerio para la realizaci\u00f3n de la Fiesta de la Naranja programada para Julio.<\/p>\n\n\n\n<p>Durante la reuni\u00f3n, se discutieron diversas estrategias para seguir promocionando la ciudad y sus localidades, as\u00ed como para consolidar a San Pedro como un destino tur\u00edstico de relevancia a nivel nacional. La Secretaria Yanina Mart\u00ednez ofreci\u00f3 todos los programas y recursos disponibles de la secretar\u00eda para ayudar a alcanzar estos objetivos.<\/p>\n\n\n\n<p>La Fiesta de la Naranja es uno de los eventos m\u00e1s importantes del calendario tur\u00edstico de San Pedro y cuenta con una amplia trayectoria en la regi\u00f3n. En este sentido, el apoyo del Ministerio de Turismo ser\u00e1 fundamental para garantizar la realizaci\u00f3n de la celebraci\u00f3n en las mejores condiciones posibles.<\/p>\n\n\n\n<p>Con la colaboraci\u00f3n de la Secretar\u00eda de Promoci\u00f3n Tur\u00edstica de la Naci\u00f3n, San Pedro sigue apostando por el desarrollo tur\u00edstico y cultural de la regi\u00f3n, consolidando su posici\u00f3n como uno de los destinos m\u00e1s atractivos de la Argentina.<\/p>\n\n\n\n<p>#SanPedro #MinisteriodeTurismo #promoci\u00f3ntur\u00edstica #FiestadelaNaranja #YaninaMart\u00ednez #SecretariadePromoci\u00f3nTur\u00edsticadelaNaci\u00f3n #destinotur\u00edstico #desarrollotur\u00edstico #cultura.<\/p>\n\n\n\n<figure class=\"wp-block-image size-full\"><img decoding=\"async\" width=\"946\" height=\"630\" data-attachment-id=\"117708\" data-permalink=\"https:\/\/eldiariodesanpedro.com.ar\/sitio\/san-pedro-busca-apoyo-del-ministerio-de-turismo-para-promocionar-la-ciudad-y-la-fiesta-de-la-naranja\/imagen-de-whatsapp-2023-05-02-a-las-19-22-34\/\" data-orig-file=\"https:\/\/eldiariodesanpedro.com.ar\/sitio\/wp-content\/uploads\/2023\/05\/Imagen-de-WhatsApp-2023-05-02-a-las-19.22.34.jpg\" data-orig-size=\"946,630\" data-comments-opened=\"0\" data-image-meta=\"{&quot;aperture&quot;:&quot;0&quot;,&quot;credit&quot;:&quot;&quot;,&quot;camera&quot;:&quot;&quot;,&quot;caption&quot;:&quot;&quot;,&quot;created_timestamp&quot;:&quot;0&quot;,&quot;copyright&quot;:&quot;&quot;,&quot;focal_length&quot;:&quot;0&quot;,&quot;iso&quot;:&quot;0&quot;,&quot;shutter_speed&quot;:&quot;0&quot;,&quot;title&quot;:&quot;&quot;,&quot;orientation&quot;:&quot;0&quot;}\" data-image-title=\"Imagen de WhatsApp 2023-05-02 a las 19.22.34\" data-image-description=\"\" data-image-caption=\"\" data-large-file=\"https:\/\/eldiariodesanpedro.com.ar\/sitio\/wp-content\/uploads\/2023\/05\/Imagen-de-WhatsApp-2023-05-02-a-las-19.22.34.jpg\" data-src=\"https:\/\/eldiariodesanpedro.com.ar\/sitio\/wp-content\/uploads\/2023\/05\/Imagen-de-WhatsApp-2023-05-02-a-las-19.22.34.jpg\" alt=\"\" class=\"wp-image-117708 lazyload\" data-srcset=\"https:\/\/eldiariodesanpedro.com.ar\/sitio\/wp-content\/uploads\/2023\/05\/Imagen-de-WhatsApp-2023-05-02-a-las-19.22.34.jpg 946w, https:\/\/eldiariodesanpedro.com.ar\/sitio\/wp-content\/uploads\/2023\/05\/Imagen-de-WhatsApp-2023-05-02-a-las-19.22.34-300x200.jpg 300w, https:\/\/eldiariodesanpedro.com.ar\/sitio\/wp-content\/uploads\/2023\/05\/Imagen-de-WhatsApp-2023-05-02-a-las-19.22.34-768x511.jpg 768w\" data-sizes=\"(max-width: 946px) 100vw, 946px\" src=\"data:image\/svg+xml;base64,PHN2ZyB3aWR0aD0iMSIgaGVpZ2h0PSIxIiB4bWxucz0iaHR0cDovL3d3dy53My5vcmcvMjAwMC9zdmciPjwvc3ZnPg==\" style=\"--smush-placeholder-width: 946px; --smush-placeholder-aspect-ratio: 946\/630;\" \/><\/figure>\n\n\n\n<figure class=\"wp-block-image size-full\"><img decoding=\"async\" width=\"946\" height=\"630\" data-attachment-id=\"117709\" data-permalink=\"https:\/\/eldiariodesanpedro.com.ar\/sitio\/san-pedro-busca-apoyo-del-ministerio-de-turismo-para-promocionar-la-ciudad-y-la-fiesta-de-la-naranja\/imagen-de-whatsapp-2023-05-02-a-las-19-22-35\/\" data-orig-file=\"https:\/\/eldiariodesanpedro.com.ar\/sitio\/wp-content\/uploads\/2023\/05\/Imagen-de-WhatsApp-2023-05-02-a-las-19.22.35.jpg\" data-orig-size=\"946,630\" data-comments-opened=\"0\" data-image-meta=\"{&quot;aperture&quot;:&quot;0&quot;,&quot;credit&quot;:&quot;&quot;,&quot;camera&quot;:&quot;&quot;,&quot;caption&quot;:&quot;&quot;,&quot;created_timestamp&quot;:&quot;0&quot;,&quot;copyright&quot;:&quot;&quot;,&quot;focal_length&quot;:&quot;0&quot;,&quot;iso&quot;:&quot;0&quot;,&quot;shutter_speed&quot;:&quot;0&quot;,&quot;title&quot;:&quot;&quot;,&quot;orientation&quot;:&quot;0&quot;}\" data-image-title=\"Imagen de WhatsApp 2023-05-02 a las 19.22.35\" data-image-description=\"\" data-image-caption=\"\" data-large-file=\"https:\/\/eldiariodesanpedro.com.ar\/sitio\/wp-content\/uploads\/2023\/05\/Imagen-de-WhatsApp-2023-05-02-a-las-19.22.35.jpg\" data-src=\"https:\/\/eldiariodesanpedro.com.ar\/sitio\/wp-content\/uploads\/2023\/05\/Imagen-de-WhatsApp-2023-05-02-a-las-19.22.35.jpg\" alt=\"\" class=\"wp-image-117709 lazyload\" data-srcset=\"https:\/\/eldiariodesanpedro.com.ar\/sitio\/wp-content\/uploads\/2023\/05\/Imagen-de-WhatsApp-2023-05-02-a-las-19.22.35.jpg 946w, https:\/\/eldiariodesanpedro.com.ar\/sitio\/wp-content\/uploads\/2023\/05\/Imagen-de-WhatsApp-2023-05-02-a-las-19.22.35-300x200.jpg 300w, https:\/\/eldiariodesanpedro.com.ar\/sitio\/wp-content\/uploads\/2023\/05\/Imagen-de-WhatsApp-2023-05-02-a-las-19.22.35-768x511.jpg 768w\" data-sizes=\"(max-width: 946px) 100vw, 946px\" src=\"data:image\/svg+xml;base64,PHN2ZyB3aWR0aD0iMSIgaGVpZ2h0PSIxIiB4bWxucz0iaHR0cDovL3d3dy53My5vcmcvMjAwMC9zdmciPjwvc3ZnPg==\" style=\"--smush-placeholder-width: 946px; --smush-placeholder-aspect-ratio: 946\/630;\" \/><\/figure>\n\n\n\n<figure class=\"wp-block-image size-full\"><img decoding=\"async\" width=\"946\" height=\"630\" data-attachment-id=\"117710\" data-permalink=\"https:\/\/eldiariodesanpedro.com.ar\/sitio\/san-pedro-busca-apoyo-del-ministerio-de-turismo-para-promocionar-la-ciudad-y-la-fiesta-de-la-naranja\/imagen-de-whatsapp-2023-05-02-a-las-19-22-36\/\" data-orig-file=\"https:\/\/eldiariodesanpedro.com.ar\/sitio\/wp-content\/uploads\/2023\/05\/Imagen-de-WhatsApp-2023-05-02-a-las-19.22.36.jpg\" data-orig-size=\"946,630\" data-comments-opened=\"0\" data-image-meta=\"{&quot;aperture&quot;:&quot;0&quot;,&quot;credit&quot;:&quot;&quot;,&quot;camera&quot;:&quot;&quot;,&quot;caption&quot;:&quot;&quot;,&quot;created_timestamp&quot;:&quot;0&quot;,&quot;copyright&quot;:&quot;&quot;,&quot;focal_length&quot;:&quot;0&quot;,&quot;iso&quot;:&quot;0&quot;,&quot;shutter_speed&quot;:&quot;0&quot;,&quot;title&quot;:&quot;&quot;,&quot;orientation&quot;:&quot;0&quot;}\" data-image-title=\"Imagen de WhatsApp 2023-05-02 a las 19.22.36\" data-image-description=\"\" data-image-caption=\"\" data-large-file=\"https:\/\/eldiariodesanpedro.com.ar\/sitio\/wp-content\/uploads\/2023\/05\/Imagen-de-WhatsApp-2023-05-02-a-las-19.22.36.jpg\" data-src=\"https:\/\/eldiariodesanpedro.com.ar\/sitio\/wp-content\/uploads\/2023\/05\/Imagen-de-WhatsApp-2023-05-02-a-las-19.22.36.jpg\" alt=\"\" class=\"wp-image-117710 lazyload\" data-srcset=\"https:\/\/eldiariodesanpedro.com.ar\/sitio\/wp-content\/uploads\/2023\/05\/Imagen-de-WhatsApp-2023-05-02-a-las-19.22.36.jpg 946w, https:\/\/eldiariodesanpedro.com.ar\/sitio\/wp-content\/uploads\/2023\/05\/Imagen-de-WhatsApp-2023-05-02-a-las-19.22.36-300x200.jpg 300w, https:\/\/eldiariodesanpedro.com.ar\/sitio\/wp-content\/uploads\/2023\/05\/Imagen-de-WhatsApp-2023-05-02-a-las-19.22.36-768x511.jpg 768w\" data-sizes=\"(max-width: 946px) 100vw, 946px\" src=\"data:image\/svg+xml;base64,PHN2ZyB3aWR0aD0iMSIgaGVpZ2h0PSIxIiB4bWxucz0iaHR0cDovL3d3dy53My5vcmcvMjAwMC9zdmciPjwvc3ZnPg==\" style=\"--smush-placeholder-width: 946px; --smush-placeholder-aspect-ratio: 946\/630;\" \/><\/figure>\n","protected":false},"excerpt":{"rendered":"<p>El Intendente de San Pedro, Cecilio Salazar, junto al Secretario de Hacienda, Alfredo Carrasco, y la Secretaria de Turismo y Cultura, Mariela L\u00f3pez, se reunieron este martes con Yanina Mart\u00ednez, Secretaria de Promoci\u00f3n Tur\u00edstica de la Naci\u00f3n, para coordinar acciones y contar con el apoyo econ\u00f3mico del ministerio para la realizaci\u00f3n de la Fiesta de [&hellip;]<\/p>\n","protected":false},"author":4,"featured_media":109056,"comment_status":"closed","ping_status":"closed","sticky":false,"template":"","format":"standard","meta":{"om_disable_all_campaigns":false,"_jetpack_memberships_contains_paid_content":false,"footnotes":""},"categories":[50,101,2],"tags":[197,1792,3861,3860,3857,696,33,3858,3856,19,3859,3855],"class_list":["post-117707","post","type-post","status-publish","format-standard","has-post-thumbnail","hentry","category-destacadas","category-interes-general-locales","category-locales","tag-buenos-aires","tag-cultura","tag-desarrollo-turistico","tag-destino-turistico","tag-fiesta-de-la-naranja","tag-interes-general","tag-locales","tag-ministerio-de-turismo","tag-promocion-turistica","tag-san-pedro","tag-secretaria-de-promocion-turistica-de-la-nacion","tag-yanina-martinez"],"aioseo_notices":[],"gutentor_comment":0,"jetpack_featured_media_url":"https:\/\/eldiariodesanpedro.com.ar\/sitio\/wp-content\/uploads\/2022\/07\/WhatsApp-Image-2022-07-24-at-9.23.58-PM-1.jpeg","jetpack_shortlink":"https:\/\/wp.me\/p6RhLt-uCv","jetpack_sharing_enabled":true,"_links":{"self":[{"href":"https:\/\/eldiariodesanpedro.com.ar\/sitio\/wp-json\/wp\/v2\/posts\/117707","targetHints":{"allow":["GET"]}}],"collection":[{"href":"https:\/\/eldiariodesanpedro.com.ar\/sitio\/wp-json\/wp\/v2\/posts"}],"about":[{"href":"https:\/\/eldiariodesanpedro.com.ar\/sitio\/wp-json\/wp\/v2\/types\/post"}],"author":[{"embeddable":true,"href":"https:\/\/eldiariodesanpedro.com.ar\/sitio\/wp-json\/wp\/v2\/users\/4"}],"replies":[{"embeddable":true,"href":"https:\/\/eldiariodesanpedro.com.ar\/sitio\/wp-json\/wp\/v2\/comments?post=117707"}],"version-history":[{"count":2,"href":"https:\/\/eldiariodesanpedro.com.ar\/sitio\/wp-json\/wp\/v2\/posts\/117707\/revisions"}],"predecessor-version":[{"id":117712,"href":"https:\/\/eldiariodesanpedro.com.ar\/sitio\/wp-json\/wp\/v2\/posts\/117707\/revisions\/117712"}],"wp:featuredmedia":[{"embeddable":true,"href":"https:\/\/eldiariodesanpedro.com.ar\/sitio\/wp-json\/wp\/v2\/media\/109056"}],"wp:attachment":[{"href":"https:\/\/eldiariodesanpedro.com.ar\/sitio\/wp-json\/wp\/v2\/media?parent=117707"}],"wp:term":[{"taxonomy":"category","embeddable":true,"href":"https:\/\/eldiariodesanpedro.com.ar\/sitio\/wp-json\/wp\/v2\/categories?post=117707"},{"taxonomy":"post_tag","embeddable":true,"href":"https:\/\/eldiariodesanpedro.com.ar\/sitio\/wp-json\/wp\/v2\/tags?post=117707"}],"curies":[{"name":"wp","href":"https:\/\/api.w.org\/{rel}","templated":true}]}}