{"id":117606,"date":"2023-04-28T10:35:09","date_gmt":"2023-04-28T13:35:09","guid":{"rendered":"https:\/\/eldiariodesanpedro.com.ar\/sitio\/?p=117606"},"modified":"2023-04-28T10:35:11","modified_gmt":"2023-04-28T13:35:11","slug":"elecciones-para-la-comision-de-fomento-de-los-aromitos","status":"publish","type":"post","link":"https:\/\/eldiariodesanpedro.com.ar\/sitio\/elecciones-para-la-comision-de-fomento-de-los-aromitos\/","title":{"rendered":"Elecciones para la Comisi\u00f3n de Fomento de Los Aromitos"},"content":{"rendered":"<!-- VideographyWP Plugin Message: Automatic video embedding prevented by plugin options. -->\n\n<p>La Direcci\u00f3n de Comisiones de Fomento anuncia que el pr\u00f3ximo jueves 4 de mayo, a partir de las 17 horas, se llevar\u00e1n a cabo las elecciones para elegir a las nuevas autoridades de la Comisi\u00f3n de Fomento del Barrio Los Aromitos. <\/p>\n\n\n\n<p>El acto eleccionario tendr\u00e1 lugar en la plaza del barrio y se extender\u00e1 hasta las 19 hs. Es importante destacar que para poder participar en la votaci\u00f3n es necesario presentar un DNI que certifique el domicilio en el barrio, o en su defecto, un servicio que constate la residencia en la zona. <\/p>\n\n\n\n<p>La elecci\u00f3n de las autoridades locales es fundamental para el desarrollo y la mejora de la calidad de vida en el barrio, y por eso es necesario que todos los vecinos se involucren en este proceso democr\u00e1tico. <\/p>\n\n\n\n<p>Para tal fin se han confeccionado las siguientes listas:<\/p>\n\n\n\n<p>Lista 1:<br>Presidente: Marilin L\u00f3pez<br>Vicepresidente: Juan Gallego<br>Secretario: Valentina Sabbioni<br>Prosecretario: Sandra Marban<br>Tesorero: Carina Parre\u00f1o<br>Protesorero: Lidia Mi\u00f1o<br>Vocales: Ariel S\u00e1nchez, Mariela Gast\u00f3, Juan Andrade, Norma Dacosta, Alonso L\u00f3pez, Mar\u00eda Landetti, Daniel Marsico, Juan Ram\u00f3n Ferroni, Julio Gonzalez, Marianela Escobar, Miguel Ostoich.<br>Revisor de Cuentas Titular: Soledad Rivas<br>Revisor de Cuentas Suplente: Daniel Zarate<\/p>\n\n\n\n<p>Lista 2:<br>Presidente: Jorge Parre\u00f1o<br>Vicepresidente: \u00c1ngel Fabi\u00e1n Bedetti<br>Secretario: Enrique Ferroni<br>Prosecretario: Diego Parre\u00f1o<br>Tesorero: Sandra Gularte<br>Protesorero: Anita Colonese<br>Vocales: Esvel Prado, Claudio Fern\u00e1ndez, Modesto Gonz\u00e1lez, Leonardo Aranda.<br>Revisor de cuentas Titual: Emanuel Ferrone<br>Revisor de cuentas Suplente: Javier Martino<\/p>\n","protected":false},"excerpt":{"rendered":"<p>La Direcci\u00f3n de Comisiones de Fomento anuncia que el pr\u00f3ximo jueves 4 de mayo, a partir de las 17 horas, se llevar\u00e1n a cabo las elecciones para elegir a las nuevas autoridades de la Comisi\u00f3n de Fomento del Barrio Los Aromitos. El acto eleccionario tendr\u00e1 lugar en la plaza del barrio y se extender\u00e1 hasta [&hellip;]<\/p>\n","protected":false},"author":4,"featured_media":102760,"comment_status":"closed","ping_status":"closed","sticky":false,"template":"","format":"standard","meta":{"om_disable_all_campaigns":false,"_jetpack_memberships_contains_paid_content":false,"footnotes":""},"categories":[101,2],"tags":[],"class_list":["post-117606","post","type-post","status-publish","format-standard","has-post-thumbnail","hentry","category-interes-general-locales","category-locales"],"aioseo_notices":[],"gutentor_comment":0,"jetpack_featured_media_url":"https:\/\/eldiariodesanpedro.com.ar\/sitio\/wp-content\/uploads\/2022\/01\/Municipalidad-e1422657513131.jpg","jetpack_shortlink":"https:\/\/wp.me\/p6RhLt-uAS","jetpack_sharing_enabled":true,"_links":{"self":[{"href":"https:\/\/eldiariodesanpedro.com.ar\/sitio\/wp-json\/wp\/v2\/posts\/117606","targetHints":{"allow":["GET"]}}],"collection":[{"href":"https:\/\/eldiariodesanpedro.com.ar\/sitio\/wp-json\/wp\/v2\/posts"}],"about":[{"href":"https:\/\/eldiariodesanpedro.com.ar\/sitio\/wp-json\/wp\/v2\/types\/post"}],"author":[{"embeddable":true,"href":"https:\/\/eldiariodesanpedro.com.ar\/sitio\/wp-json\/wp\/v2\/users\/4"}],"replies":[{"embeddable":true,"href":"https:\/\/eldiariodesanpedro.com.ar\/sitio\/wp-json\/wp\/v2\/comments?post=117606"}],"version-history":[{"count":1,"href":"https:\/\/eldiariodesanpedro.com.ar\/sitio\/wp-json\/wp\/v2\/posts\/117606\/revisions"}],"predecessor-version":[{"id":117607,"href":"https:\/\/eldiariodesanpedro.com.ar\/sitio\/wp-json\/wp\/v2\/posts\/117606\/revisions\/117607"}],"wp:featuredmedia":[{"embeddable":true,"href":"https:\/\/eldiariodesanpedro.com.ar\/sitio\/wp-json\/wp\/v2\/media\/102760"}],"wp:attachment":[{"href":"https:\/\/eldiariodesanpedro.com.ar\/sitio\/wp-json\/wp\/v2\/media?parent=117606"}],"wp:term":[{"taxonomy":"category","embeddable":true,"href":"https:\/\/eldiariodesanpedro.com.ar\/sitio\/wp-json\/wp\/v2\/categories?post=117606"},{"taxonomy":"post_tag","embeddable":true,"href":"https:\/\/eldiariodesanpedro.com.ar\/sitio\/wp-json\/wp\/v2\/tags?post=117606"}],"curies":[{"name":"wp","href":"https:\/\/api.w.org\/{rel}","templated":true}]}}