{"id":117603,"date":"2023-04-28T03:12:07","date_gmt":"2023-04-28T06:12:07","guid":{"rendered":"https:\/\/eldiariodesanpedro.com.ar\/sitio\/?p=117603"},"modified":"2023-04-28T03:12:09","modified_gmt":"2023-04-28T06:12:09","slug":"dos-de-los-delincuentes-que-asesinaron-al-policial-lalo-cantero-fueron-atrapados-siguen-profugos-el-resto","status":"publish","type":"post","link":"https:\/\/eldiariodesanpedro.com.ar\/sitio\/dos-de-los-delincuentes-que-asesinaron-al-policial-lalo-cantero-fueron-atrapados-siguen-profugos-el-resto\/","title":{"rendered":"Dos de los delincuentes que asesinaron al policial \u00abLalo Cantero\u00bb fueron atrapados, siguen pr\u00f3fugos el resto"},"content":{"rendered":"<!-- VideographyWP Plugin Message: Automatic video embedding prevented by plugin options. -->\n\n<p>Detenidos y dos veh\u00edculos secuestrados tras la muerte del polic\u00eda sampedrino <strong>Osvaldo Cantero<\/strong>, de 25 a\u00f1os, en la localidad de Z\u00e1rate.<\/p>\n\n\n\n<p>Las fuerzas de seguridad procedieron a realizar un&nbsp;<strong>operativo cerrojo<\/strong>&nbsp;en los caminos rurales y rutas aleda\u00f1as. Fueron detenidos dos de los atacantes y se contin\u00faa con la b\u00fasqueda de otros pr\u00f3fugos. Por estas horas se realizan rastrillajes a\u00e9reos y terrestres para dar con el resto de los delincuentes.<\/p>\n\n\n\n<p>Personal GTO y de la DDI se encuentra abocado a tareas investigativas. En el lugar se encuentra tambi\u00e9n la Polic\u00eda Cient\u00edfica. Los ladrones huyeron del lugar a bordo de un veh\u00edculo por la ruta provincial 6, en direcci\u00f3n hacia la localidad de Ingeniero Masschwitz, a\u00f1adieron las fuentes consultadas por\u00a0<em>Agencia T\u00e9lam.<\/em><\/p>\n\n\n\n<p>Interviene en la causa la fiscal\u00a0<strong>Andrea Palacios<\/strong>, a cargo de la Unidad Funcional de Instrucci\u00f3n (UFI) 7 del Departamento Judicial de Z\u00e1rate-Campana, quien dispuso una serie de medidas tendientes a localizar a los homicidas. La car\u00e1tula de la causa es homicidio, tentativa de robo, atentado y resistencia a la autoridad, y lesiones.<\/p>\n","protected":false},"excerpt":{"rendered":"<p>Detenidos y dos veh\u00edculos secuestrados tras la muerte del polic\u00eda sampedrino Osvaldo Cantero, de 25 a\u00f1os, en la localidad de Z\u00e1rate. Las fuerzas de seguridad procedieron a realizar un&nbsp;operativo cerrojo&nbsp;en los caminos rurales y rutas aleda\u00f1as. Fueron detenidos dos de los atacantes y se contin\u00faa con la b\u00fasqueda de otros pr\u00f3fugos. Por estas horas se [&hellip;]<\/p>\n","protected":false},"author":4,"featured_media":117604,"comment_status":"closed","ping_status":"closed","sticky":false,"template":"","format":"standard","meta":{"om_disable_all_campaigns":false,"_jetpack_memberships_contains_paid_content":false,"footnotes":""},"categories":[50,101,2],"tags":[197,696,33,19],"class_list":["post-117603","post","type-post","status-publish","format-standard","has-post-thumbnail","hentry","category-destacadas","category-interes-general-locales","category-locales","tag-buenos-aires","tag-interes-general","tag-locales","tag-san-pedro"],"aioseo_notices":[],"gutentor_comment":0,"jetpack_featured_media_url":"https:\/\/eldiariodesanpedro.com.ar\/sitio\/wp-content\/uploads\/2023\/04\/medida-17.png","jetpack_shortlink":"https:\/\/wp.me\/p6RhLt-uAP","jetpack_sharing_enabled":true,"_links":{"self":[{"href":"https:\/\/eldiariodesanpedro.com.ar\/sitio\/wp-json\/wp\/v2\/posts\/117603","targetHints":{"allow":["GET"]}}],"collection":[{"href":"https:\/\/eldiariodesanpedro.com.ar\/sitio\/wp-json\/wp\/v2\/posts"}],"about":[{"href":"https:\/\/eldiariodesanpedro.com.ar\/sitio\/wp-json\/wp\/v2\/types\/post"}],"author":[{"embeddable":true,"href":"https:\/\/eldiariodesanpedro.com.ar\/sitio\/wp-json\/wp\/v2\/users\/4"}],"replies":[{"embeddable":true,"href":"https:\/\/eldiariodesanpedro.com.ar\/sitio\/wp-json\/wp\/v2\/comments?post=117603"}],"version-history":[{"count":1,"href":"https:\/\/eldiariodesanpedro.com.ar\/sitio\/wp-json\/wp\/v2\/posts\/117603\/revisions"}],"predecessor-version":[{"id":117605,"href":"https:\/\/eldiariodesanpedro.com.ar\/sitio\/wp-json\/wp\/v2\/posts\/117603\/revisions\/117605"}],"wp:featuredmedia":[{"embeddable":true,"href":"https:\/\/eldiariodesanpedro.com.ar\/sitio\/wp-json\/wp\/v2\/media\/117604"}],"wp:attachment":[{"href":"https:\/\/eldiariodesanpedro.com.ar\/sitio\/wp-json\/wp\/v2\/media?parent=117603"}],"wp:term":[{"taxonomy":"category","embeddable":true,"href":"https:\/\/eldiariodesanpedro.com.ar\/sitio\/wp-json\/wp\/v2\/categories?post=117603"},{"taxonomy":"post_tag","embeddable":true,"href":"https:\/\/eldiariodesanpedro.com.ar\/sitio\/wp-json\/wp\/v2\/tags?post=117603"}],"curies":[{"name":"wp","href":"https:\/\/api.w.org\/{rel}","templated":true}]}}