{"id":117593,"date":"2023-04-27T23:23:16","date_gmt":"2023-04-28T02:23:16","guid":{"rendered":"https:\/\/eldiariodesanpedro.com.ar\/sitio\/?p=117593"},"modified":"2023-04-27T23:41:44","modified_gmt":"2023-04-28T02:41:44","slug":"policia-sampedrino-asesinado-en-zarate-en-un-enfrentamiento-con-delincuentes","status":"publish","type":"post","link":"https:\/\/eldiariodesanpedro.com.ar\/sitio\/policia-sampedrino-asesinado-en-zarate-en-un-enfrentamiento-con-delincuentes\/","title":{"rendered":"Polic\u00eda Sampedrino asesinado en Zarate en un enfrentamiento con delincuentes"},"content":{"rendered":"<!-- VideographyWP Plugin Message: Automatic video embedding prevented by plugin options. -->\n\n<p>Un asalto a una carbonera en la ciudad de Z\u00e1rate, provincia de Buenos Aires, dej\u00f3 dos personas muertas, incluyendo un oficial de polic\u00eda oriundo de R\u00edo Tala, la noche del martes. Seg\u00fan informes, al menos cinco delincuentes ingresaron a la carbonera con la intenci\u00f3n de robar, tomando a los empleados como rehenes.<\/p>\n\n\n\n<p>La polic\u00eda de Buenos Aires fue alertada y lleg\u00f3 al lugar poco despu\u00e9s del inicio del asalto. Los delincuentes abrieron fuego contra los oficiales, resultando un oficial muerto y otro herido de gravedad en el abdomen. El oficial herido, identificado como Osmar \u00abLalo\u00bb Osvaldo Cantero, de 25 a\u00f1os, fue trasladado a un hospital cercano donde falleci\u00f3 mientras era operado. Tambi\u00e9n falleci\u00f3 un empleado de la carbonera, identificado como Luciano Padron, de 22 a\u00f1os.<\/p>\n\n\n\n<p>Un sargento de 37 a\u00f1os tambi\u00e9n result\u00f3 herido en la pierna derecha, pero se encuentra fuera de peligro. La titular de la Unidad Funcional de Instrucci\u00f3n (UFI) n\u00famero 7, Andrea Palacios, del Departamento Judicial Z\u00e1rate-Campana, est\u00e1 investigando el caso.<\/p>\n","protected":false},"excerpt":{"rendered":"<p>Un asalto a una carbonera en la ciudad de Z\u00e1rate, provincia de Buenos Aires, dej\u00f3 dos personas muertas, incluyendo un oficial de polic\u00eda oriundo de R\u00edo Tala, la noche del martes. Seg\u00fan informes, al menos cinco delincuentes ingresaron a la carbonera con la intenci\u00f3n de robar, tomando a los empleados como rehenes. La polic\u00eda de [&hellip;]<\/p>\n","protected":false},"author":4,"featured_media":117594,"comment_status":"closed","ping_status":"closed","sticky":false,"template":"","format":"standard","meta":{"om_disable_all_campaigns":false,"_jetpack_memberships_contains_paid_content":false,"footnotes":""},"categories":[50,2,103],"tags":[197,33,95,19],"class_list":["post-117593","post","type-post","status-publish","format-standard","has-post-thumbnail","hentry","category-destacadas","category-locales","category-policiales-locales","tag-buenos-aires","tag-locales","tag-policiales","tag-san-pedro"],"aioseo_notices":[],"gutentor_comment":0,"jetpack_featured_media_url":"https:\/\/eldiariodesanpedro.com.ar\/sitio\/wp-content\/uploads\/2023\/04\/IMG_20230427_220350.jpg","jetpack_shortlink":"https:\/\/wp.me\/p6RhLt-uAF","jetpack_sharing_enabled":true,"_links":{"self":[{"href":"https:\/\/eldiariodesanpedro.com.ar\/sitio\/wp-json\/wp\/v2\/posts\/117593","targetHints":{"allow":["GET"]}}],"collection":[{"href":"https:\/\/eldiariodesanpedro.com.ar\/sitio\/wp-json\/wp\/v2\/posts"}],"about":[{"href":"https:\/\/eldiariodesanpedro.com.ar\/sitio\/wp-json\/wp\/v2\/types\/post"}],"author":[{"embeddable":true,"href":"https:\/\/eldiariodesanpedro.com.ar\/sitio\/wp-json\/wp\/v2\/users\/4"}],"replies":[{"embeddable":true,"href":"https:\/\/eldiariodesanpedro.com.ar\/sitio\/wp-json\/wp\/v2\/comments?post=117593"}],"version-history":[{"count":7,"href":"https:\/\/eldiariodesanpedro.com.ar\/sitio\/wp-json\/wp\/v2\/posts\/117593\/revisions"}],"predecessor-version":[{"id":117602,"href":"https:\/\/eldiariodesanpedro.com.ar\/sitio\/wp-json\/wp\/v2\/posts\/117593\/revisions\/117602"}],"wp:featuredmedia":[{"embeddable":true,"href":"https:\/\/eldiariodesanpedro.com.ar\/sitio\/wp-json\/wp\/v2\/media\/117594"}],"wp:attachment":[{"href":"https:\/\/eldiariodesanpedro.com.ar\/sitio\/wp-json\/wp\/v2\/media?parent=117593"}],"wp:term":[{"taxonomy":"category","embeddable":true,"href":"https:\/\/eldiariodesanpedro.com.ar\/sitio\/wp-json\/wp\/v2\/categories?post=117593"},{"taxonomy":"post_tag","embeddable":true,"href":"https:\/\/eldiariodesanpedro.com.ar\/sitio\/wp-json\/wp\/v2\/tags?post=117593"}],"curies":[{"name":"wp","href":"https:\/\/api.w.org\/{rel}","templated":true}]}}