{"id":117586,"date":"2023-04-27T22:04:08","date_gmt":"2023-04-28T01:04:08","guid":{"rendered":"https:\/\/eldiariodesanpedro.com.ar\/sitio\/?p=117586"},"modified":"2023-04-27T22:04:10","modified_gmt":"2023-04-28T01:04:10","slug":"bomberos-rescatan-a-una-persona-que-cayo-en-una-zanja-profunda-por-segunda-vez","status":"publish","type":"post","link":"https:\/\/eldiariodesanpedro.com.ar\/sitio\/bomberos-rescatan-a-una-persona-que-cayo-en-una-zanja-profunda-por-segunda-vez\/","title":{"rendered":"Bomberos rescatan a una persona que cay\u00f3 en una zanja profunda por segunda vez"},"content":{"rendered":"<!-- VideographyWP Plugin Message: Automatic video embedding prevented by plugin options. -->\n\n<p>En una intervenci\u00f3n de emergencia, los bomberos voluntarios de nuestra ciudad tuvieron que acudir al rescate de un hombre que hab\u00eda ca\u00eddo en una zanja de alrededor de un metro y medio de profundidad, la noche de este jueves.<\/p>\n\n\n\n<p>El incidente ocurri\u00f3 en las inmediaciones de Frers y Jose Hernandez, donde el hombre qued\u00f3 atrapado en la zanja con un poco de agua y barro. Los bomberos trabajaron en conjunto con el doctor de la ambulancia del SAME y la movilizaci\u00f3n policial para extraer al hombre, que aparentemente podr\u00eda estar en estado de ebriedad.<\/p>\n\n\n\n<p>Seg\u00fan inform\u00f3 el bombero a cargo, esta es la segunda vez que tienen que rescatar a la misma persona en el mismo lugar, ya que unos d\u00edas antes hab\u00eda sucedido lo mismo. El hombre fue trasladado por el SAME al nosocomio local para recibir la atenci\u00f3n m\u00e9dica necesaria.<\/p>\n\n\n\n<p>BomberosVoluntarios #RescateDeEmergencia #AccidenteEnZanja #Ebriedad #SAME #Atenci\u00f3nM\u00e9dica #Frers #JoseHernandez #NoticiasDeEmergencia #ServiciosDeEmergencia<\/p>\n","protected":false},"excerpt":{"rendered":"<p>En una intervenci\u00f3n de emergencia, los bomberos voluntarios de nuestra ciudad tuvieron que acudir al rescate de un hombre que hab\u00eda ca\u00eddo en una zanja de alrededor de un metro y medio de profundidad, la noche de este jueves. El incidente ocurri\u00f3 en las inmediaciones de Frers y Jose Hernandez, donde el hombre qued\u00f3 atrapado [&hellip;]<\/p>\n","protected":false},"author":4,"featured_media":117588,"comment_status":"closed","ping_status":"closed","sticky":false,"template":"","format":"standard","meta":{"om_disable_all_campaigns":false,"_jetpack_memberships_contains_paid_content":false,"footnotes":""},"categories":[50,101,2],"tags":[24,3798,3717,981,197,3800,3601,3801,696,3799,33,3802,260,3796,19,3797],"class_list":["post-117586","post","type-post","status-publish","format-standard","has-post-thumbnail","hentry","category-destacadas","category-interes-general-locales","category-locales","tag-accidente","tag-ambulancia-del-same","tag-atencion-medica","tag-bomberos-voluntarios","tag-buenos-aires","tag-ebriedad","tag-emergencia","tag-frers","tag-interes-general","tag-jose-hernandez","tag-locales","tag-nosocomio-local","tag-policia","tag-rescate","tag-san-pedro","tag-zanja"],"aioseo_notices":[],"gutentor_comment":0,"jetpack_featured_media_url":"https:\/\/eldiariodesanpedro.com.ar\/sitio\/wp-content\/uploads\/2023\/04\/Imagen-de-WhatsApp-2023-04-27-a-las-21.28.54.jpg","jetpack_shortlink":"https:\/\/wp.me\/p6RhLt-uAy","jetpack_sharing_enabled":true,"_links":{"self":[{"href":"https:\/\/eldiariodesanpedro.com.ar\/sitio\/wp-json\/wp\/v2\/posts\/117586","targetHints":{"allow":["GET"]}}],"collection":[{"href":"https:\/\/eldiariodesanpedro.com.ar\/sitio\/wp-json\/wp\/v2\/posts"}],"about":[{"href":"https:\/\/eldiariodesanpedro.com.ar\/sitio\/wp-json\/wp\/v2\/types\/post"}],"author":[{"embeddable":true,"href":"https:\/\/eldiariodesanpedro.com.ar\/sitio\/wp-json\/wp\/v2\/users\/4"}],"replies":[{"embeddable":true,"href":"https:\/\/eldiariodesanpedro.com.ar\/sitio\/wp-json\/wp\/v2\/comments?post=117586"}],"version-history":[{"count":2,"href":"https:\/\/eldiariodesanpedro.com.ar\/sitio\/wp-json\/wp\/v2\/posts\/117586\/revisions"}],"predecessor-version":[{"id":117590,"href":"https:\/\/eldiariodesanpedro.com.ar\/sitio\/wp-json\/wp\/v2\/posts\/117586\/revisions\/117590"}],"wp:featuredmedia":[{"embeddable":true,"href":"https:\/\/eldiariodesanpedro.com.ar\/sitio\/wp-json\/wp\/v2\/media\/117588"}],"wp:attachment":[{"href":"https:\/\/eldiariodesanpedro.com.ar\/sitio\/wp-json\/wp\/v2\/media?parent=117586"}],"wp:term":[{"taxonomy":"category","embeddable":true,"href":"https:\/\/eldiariodesanpedro.com.ar\/sitio\/wp-json\/wp\/v2\/categories?post=117586"},{"taxonomy":"post_tag","embeddable":true,"href":"https:\/\/eldiariodesanpedro.com.ar\/sitio\/wp-json\/wp\/v2\/tags?post=117586"}],"curies":[{"name":"wp","href":"https:\/\/api.w.org\/{rel}","templated":true}]}}