{"id":117483,"date":"2023-04-26T13:22:24","date_gmt":"2023-04-26T16:22:24","guid":{"rendered":"https:\/\/eldiariodesanpedro.com.ar\/sitio\/?p=117483"},"modified":"2023-04-26T14:52:25","modified_gmt":"2023-04-26T17:52:25","slug":"pudo-ser-una-tragedia-una-camioneta-colisiona-con-un-caballo-suelto-en-la-ruta-1001","status":"publish","type":"post","link":"https:\/\/eldiariodesanpedro.com.ar\/sitio\/pudo-ser-una-tragedia-una-camioneta-colisiona-con-un-caballo-suelto-en-la-ruta-1001\/","title":{"rendered":"Pudo ser una tragedia: Una camioneta colisiona con un caballo suelto en la ruta 1001"},"content":{"rendered":"<!-- VideographyWP Plugin Message: Automatic video embedding prevented by plugin options. -->\n\n<p>Este mediod\u00eda, un autom\u00f3vil que circulaba por ruta 1001 colision\u00f3 con un caballo suelto, causando da\u00f1os materiales importantes. El hecho tuvo lugar en la altura del acceso a la Fabrica Papel Prensa, donde una camioneta Peugeot Partner conducida por un hombre mayor de edad impact\u00f3 con el animal que justo cruzaba la calzada.<\/p>\n\n\n\n<p>Afortunadamente y milagrosamente, el ocupante del veh\u00edculo, oriundos de Carmen de Areco que ingresaba a nuestra ciudad, resultaron ileso. La patrulla del destacamento de la Tosquera acudi\u00f3 al lugar y constat\u00f3 la presencia de m\u00e1s de 20 caballos sueltos en un campo cercano, los cuales no pertenec\u00edan a los due\u00f1os de la propiedad.<\/p>\n\n\n\n<p>Se solicit\u00f3 la presencia del m\u00f3vil del arriero municipal para controlar la situaci\u00f3n con estos animales sueltos y evitar futuros accidentes en la zona, pero hubo una negativa por parte del personal de inspecci\u00f3n ya que se encuentra dentro de un predio y se debe realizar una denuncia.<\/p>\n\n\n\n<p>Los caballos quedaron sueltos y con peligro de que colisionen con otro veh\u00edculo.<\/p>\n\n\n\n<p>#accidentedetr\u00e1nsito #ruta1001 #caballosuelto #seguridadvial #normasdetr\u00e1nsito #animalessueltos #arrieromunicipal #patrulla #destacadodelaTosquera #Arrecifes #PeugeotPartner #FabricaPapelPrensa #da\u00f1osmateriales #conductor #pasajeros.<\/p>\n\n\n\n<iframe data-src=\"https:\/\/www.facebook.com\/plugins\/video.php?height=314&#038;href=https%3A%2F%2Fwww.facebook.com%2Fdiariosp2%2Fvideos%2F1267217524212671%2F&#038;show_text=false&#038;width=560&#038;t=0\" width=\"560\" height=\"314\" style=\"border:none;overflow:hidden\" scrolling=\"no\" frameborder=\"0\" allowfullscreen=\"true\" allow=\"autoplay; clipboard-write; encrypted-media; picture-in-picture; web-share\" allowFullScreen=\"true\" src=\"data:image\/svg+xml;base64,PHN2ZyB3aWR0aD0iMSIgaGVpZ2h0PSIxIiB4bWxucz0iaHR0cDovL3d3dy53My5vcmcvMjAwMC9zdmciPjwvc3ZnPg==\" class=\"lazyload\" data-load-mode=\"1\"><\/iframe>\n","protected":false},"excerpt":{"rendered":"<p>Este mediod\u00eda, un autom\u00f3vil que circulaba por ruta 1001 colision\u00f3 con un caballo suelto, causando da\u00f1os materiales importantes. El hecho tuvo lugar en la altura del acceso a la Fabrica Papel Prensa, donde una camioneta Peugeot Partner conducida por un hombre mayor de edad impact\u00f3 con el animal que justo cruzaba la calzada. Afortunadamente y [&hellip;]<\/p>\n","protected":false},"author":4,"featured_media":117499,"comment_status":"closed","ping_status":"closed","sticky":false,"template":"","format":"standard","meta":{"om_disable_all_campaigns":false,"_jetpack_memberships_contains_paid_content":false,"footnotes":""},"categories":[50,2,103],"tags":[3612,3725,640,3726,197,3724,3731,3730,3727,3729,33,3723,3732,1335,3728,95,219,19,2761],"class_list":["post-117483","post","type-post","status-publish","format-standard","has-post-thumbnail","hentry","category-destacadas","category-locales","category-policiales-locales","tag-accidente-de-transito-2","tag-animales-sueltos","tag-arrecifes","tag-arriero-municipal","tag-buenos-aires","tag-caballo-suelto","tag-conductor","tag-danos-materiales","tag-destacamento-de-la-tosquera","tag-fabrica-papel-prensa","tag-locales","tag-normas-de-transito","tag-pasajeros","tag-patrulla","tag-peugeot-partner","tag-policiales","tag-ruta-1001","tag-san-pedro","tag-seguridad-vial"],"aioseo_notices":[],"gutentor_comment":0,"jetpack_featured_media_url":"https:\/\/eldiariodesanpedro.com.ar\/sitio\/wp-content\/uploads\/2023\/04\/WhatsApp-Image-2023-04-26-at-14.08.53.jpeg","jetpack_shortlink":"https:\/\/wp.me\/p6RhLt-uyT","jetpack_sharing_enabled":true,"_links":{"self":[{"href":"https:\/\/eldiariodesanpedro.com.ar\/sitio\/wp-json\/wp\/v2\/posts\/117483","targetHints":{"allow":["GET"]}}],"collection":[{"href":"https:\/\/eldiariodesanpedro.com.ar\/sitio\/wp-json\/wp\/v2\/posts"}],"about":[{"href":"https:\/\/eldiariodesanpedro.com.ar\/sitio\/wp-json\/wp\/v2\/types\/post"}],"author":[{"embeddable":true,"href":"https:\/\/eldiariodesanpedro.com.ar\/sitio\/wp-json\/wp\/v2\/users\/4"}],"replies":[{"embeddable":true,"href":"https:\/\/eldiariodesanpedro.com.ar\/sitio\/wp-json\/wp\/v2\/comments?post=117483"}],"version-history":[{"count":7,"href":"https:\/\/eldiariodesanpedro.com.ar\/sitio\/wp-json\/wp\/v2\/posts\/117483\/revisions"}],"predecessor-version":[{"id":117501,"href":"https:\/\/eldiariodesanpedro.com.ar\/sitio\/wp-json\/wp\/v2\/posts\/117483\/revisions\/117501"}],"wp:featuredmedia":[{"embeddable":true,"href":"https:\/\/eldiariodesanpedro.com.ar\/sitio\/wp-json\/wp\/v2\/media\/117499"}],"wp:attachment":[{"href":"https:\/\/eldiariodesanpedro.com.ar\/sitio\/wp-json\/wp\/v2\/media?parent=117483"}],"wp:term":[{"taxonomy":"category","embeddable":true,"href":"https:\/\/eldiariodesanpedro.com.ar\/sitio\/wp-json\/wp\/v2\/categories?post=117483"},{"taxonomy":"post_tag","embeddable":true,"href":"https:\/\/eldiariodesanpedro.com.ar\/sitio\/wp-json\/wp\/v2\/tags?post=117483"}],"curies":[{"name":"wp","href":"https:\/\/api.w.org\/{rel}","templated":true}]}}