{"id":117467,"date":"2023-04-26T10:48:37","date_gmt":"2023-04-26T13:48:37","guid":{"rendered":"https:\/\/eldiariodesanpedro.com.ar\/sitio\/?p=117467"},"modified":"2023-04-26T10:48:39","modified_gmt":"2023-04-26T13:48:39","slug":"quedo-absuelto-el-acusado-de-asaltar-a-una-familia-en-pueblo-doyle","status":"publish","type":"post","link":"https:\/\/eldiariodesanpedro.com.ar\/sitio\/quedo-absuelto-el-acusado-de-asaltar-a-una-familia-en-pueblo-doyle\/","title":{"rendered":"Qued\u00f3 absuelto el acusado de asaltar a una familia en Pueblo Doyle"},"content":{"rendered":"<!-- VideographyWP Plugin Message: Automatic video embedding prevented by plugin options. -->\n\n<p>En abril de 2021, la familia Oneto fue asaltada por una banda armada en su propiedad ubicada en Crist\u00f3bal Doyle 556. Aunque varias personas fueron sospechadas de haber participado en el hecho, la investigaci\u00f3n a cargo del fiscal Hern\u00e1n Granda lleg\u00f3 a la definici\u00f3n con un solo imputado, Paolo Gonzalo Barrios, un empleado municipal de 41 a\u00f1os domiciliado en Santa Luc\u00eda.<\/p>\n\n\n\n<p>La defensa del acusado, a cargo del Estudio Lima, aport\u00f3 las pruebas necesarias y bajo la figura del juicio abreviado logr\u00f3 convencer al Tribunal de que el sospechoso no hab\u00eda tenido nada que ver. Los testimonios y los datos reunidos durante la instrucci\u00f3n no alcanzaron y la jueza Mar\u00eda Bel\u00e9n Ocariz resolvi\u00f3 absolver a Paolo Barrios quien as\u00ed qued\u00f3 al margen de toda acusaci\u00f3n.<\/p>\n\n\n\n<p>El asalto a la familia Oneto fue uno de varios robos y asaltos cometidos en Pueblo Doyle a lo largo de 2021, lo que gener\u00f3 preocupaci\u00f3n en la localidad. Los delincuentes maniataron a las v\u00edctimas y se llevaron distintas pertenencias y elementos de valor, pero nunca se pudo dar con los elementos robados y menos contar con las pruebas necesarias para dar con los verdaderos autores del hecho.<\/p>\n\n\n\n<p>La justicia ha fallado a favor de Paolo Barrios, y esperamos que este fallo traiga tranquilidad a la familia Oneto y a las dem\u00e1s familias afectadas por estos delitos en Pueblo Doyle.<\/p>\n\n\n\n<p>#PuebloDoyle #asaltoarmado #investigaci\u00f3n #juicio #absoluci\u00f3n #justicia<\/p>\n\n\n\n<p><\/p>\n","protected":false},"excerpt":{"rendered":"<p>En abril de 2021, la familia Oneto fue asaltada por una banda armada en su propiedad ubicada en Crist\u00f3bal Doyle 556. Aunque varias personas fueron sospechadas de haber participado en el hecho, la investigaci\u00f3n a cargo del fiscal Hern\u00e1n Granda lleg\u00f3 a la definici\u00f3n con un solo imputado, Paolo Gonzalo Barrios, un empleado municipal de [&hellip;]<\/p>\n","protected":false},"author":4,"featured_media":117468,"comment_status":"closed","ping_status":"closed","sticky":false,"template":"","format":"standard","meta":{"om_disable_all_campaigns":false,"_jetpack_memberships_contains_paid_content":false,"footnotes":""},"categories":[50,101,2],"tags":[3711,3712,197,3593,3713,3698,1634,19],"class_list":["post-117467","post","type-post","status-publish","format-standard","has-post-thumbnail","hentry","category-destacadas","category-interes-general-locales","category-locales","tag-absolucion","tag-asalto-armado","tag-buenos-aires","tag-investigacion-2","tag-juicio","tag-justicia","tag-pueblo-doyle","tag-san-pedro"],"aioseo_notices":[],"gutentor_comment":0,"jetpack_featured_media_url":"https:\/\/eldiariodesanpedro.com.ar\/sitio\/wp-content\/uploads\/2023\/04\/medida-12.png","jetpack_shortlink":"https:\/\/wp.me\/p6RhLt-uyD","jetpack_sharing_enabled":true,"_links":{"self":[{"href":"https:\/\/eldiariodesanpedro.com.ar\/sitio\/wp-json\/wp\/v2\/posts\/117467","targetHints":{"allow":["GET"]}}],"collection":[{"href":"https:\/\/eldiariodesanpedro.com.ar\/sitio\/wp-json\/wp\/v2\/posts"}],"about":[{"href":"https:\/\/eldiariodesanpedro.com.ar\/sitio\/wp-json\/wp\/v2\/types\/post"}],"author":[{"embeddable":true,"href":"https:\/\/eldiariodesanpedro.com.ar\/sitio\/wp-json\/wp\/v2\/users\/4"}],"replies":[{"embeddable":true,"href":"https:\/\/eldiariodesanpedro.com.ar\/sitio\/wp-json\/wp\/v2\/comments?post=117467"}],"version-history":[{"count":1,"href":"https:\/\/eldiariodesanpedro.com.ar\/sitio\/wp-json\/wp\/v2\/posts\/117467\/revisions"}],"predecessor-version":[{"id":117469,"href":"https:\/\/eldiariodesanpedro.com.ar\/sitio\/wp-json\/wp\/v2\/posts\/117467\/revisions\/117469"}],"wp:featuredmedia":[{"embeddable":true,"href":"https:\/\/eldiariodesanpedro.com.ar\/sitio\/wp-json\/wp\/v2\/media\/117468"}],"wp:attachment":[{"href":"https:\/\/eldiariodesanpedro.com.ar\/sitio\/wp-json\/wp\/v2\/media?parent=117467"}],"wp:term":[{"taxonomy":"category","embeddable":true,"href":"https:\/\/eldiariodesanpedro.com.ar\/sitio\/wp-json\/wp\/v2\/categories?post=117467"},{"taxonomy":"post_tag","embeddable":true,"href":"https:\/\/eldiariodesanpedro.com.ar\/sitio\/wp-json\/wp\/v2\/tags?post=117467"}],"curies":[{"name":"wp","href":"https:\/\/api.w.org\/{rel}","templated":true}]}}