{"id":117442,"date":"2023-04-25T20:49:29","date_gmt":"2023-04-25T23:49:29","guid":{"rendered":"https:\/\/eldiariodesanpedro.com.ar\/sitio\/?p=117442"},"modified":"2023-04-25T20:49:31","modified_gmt":"2023-04-25T23:49:31","slug":"edicto-de-cambio-de-nombre-de-casas-martin-y-otros","status":"publish","type":"post","link":"https:\/\/eldiariodesanpedro.com.ar\/sitio\/edicto-de-cambio-de-nombre-de-casas-martin-y-otros\/","title":{"rendered":"Edicto de Cambio de Nombre de Casas Mart\u00edn y Otros"},"content":{"rendered":"<!-- VideographyWP Plugin Message: Automatic video embedding prevented by plugin options. -->\n\n<p>El Juzgado de Familia N\u00b0 2 del Departamento Judicial de San Nicol\u00e1s a cargo de la Dra. SIVORI Maria Alejandra &#8211; JUEZ, Secretar\u00eda \u00danica, sito en calle Avenida Savio N\u00ba 182, San Nicolas de Los Arroyos en los autos caratulados:<strong> \\Casas Mart\u00edn Y Otros S\/ Cambio De Nombre\\<\/strong>, Expte. N\u00b0 55138, ha dispuesto publicar el pedido de cambio de apellido respecto de CASAS MART\u00cdN, D.N.I. N\u00ba 39.286.505, CASAS JULIANA NOELIA, DNI 40.868.241, y CASAS, CRISTOBAL DNI N\u00ba 44.869.890, todos domiciliados en Joaqu\u00edn V. Gonz\u00e1lez N\u00ba 1415 de la ciudad de San Pedro (Bs. As.), en los t\u00e9rminos del art. 70 del C.C.C.N, para que los que se consideren con derecho formulen oposici\u00f3n dentro de los quince d\u00edas h\u00e1biles, computados desde la \u00faltima publicaci\u00f3n. San Pedro, 31 de Enero de 2023.<\/p>\n\n\n\n<p>FACUNDO VELL\u00d3N<br>ABOGADA SECRETARIO<\/p>\n\n\n\n<p>(Publicaci\u00f3n V\u00e1lida por el d\u00eda 25 de abril y 24 de mayo de\u00a0 2023)<br><a href=\"https:\/\/notificaciones.scba.gov.ar\/verificarnotificacion.aspx?codNotif=7K3RH0\">https:\/\/notificaciones.scba.gov.ar\/verificarnotificacion.aspx?codNotif=7K3RH0<\/a><\/p>\n","protected":false},"excerpt":{"rendered":"<p>El Juzgado de Familia N\u00b0 2 del Departamento Judicial de San Nicol\u00e1s a cargo de la Dra. SIVORI Maria Alejandra &#8211; JUEZ, Secretar\u00eda \u00danica, sito en calle Avenida Savio N\u00ba 182, San Nicolas de Los Arroyos en los autos caratulados: \\Casas Mart\u00edn Y Otros S\/ Cambio De Nombre\\, Expte. N\u00b0 55138, ha dispuesto publicar el [&hellip;]<\/p>\n","protected":false},"author":4,"featured_media":102746,"comment_status":"closed","ping_status":"closed","sticky":false,"template":"","format":"standard","meta":{"om_disable_all_campaigns":false,"_jetpack_memberships_contains_paid_content":false,"footnotes":""},"categories":[676,1124],"tags":[197,3683,1355,19],"class_list":["post-117442","post","type-post","status-publish","format-standard","has-post-thumbnail","hentry","category-edictos","category-edictos-especiales","tag-buenos-aires","tag-edicto-de-cambio-de-nombre-de-casas-martin-y-otros","tag-judiciales","tag-san-pedro"],"aioseo_notices":[],"gutentor_comment":0,"jetpack_featured_media_url":"https:\/\/eldiariodesanpedro.com.ar\/sitio\/wp-content\/uploads\/2022\/01\/EDICTO.jpg","jetpack_shortlink":"https:\/\/wp.me\/p6RhLt-uye","jetpack_sharing_enabled":true,"_links":{"self":[{"href":"https:\/\/eldiariodesanpedro.com.ar\/sitio\/wp-json\/wp\/v2\/posts\/117442","targetHints":{"allow":["GET"]}}],"collection":[{"href":"https:\/\/eldiariodesanpedro.com.ar\/sitio\/wp-json\/wp\/v2\/posts"}],"about":[{"href":"https:\/\/eldiariodesanpedro.com.ar\/sitio\/wp-json\/wp\/v2\/types\/post"}],"author":[{"embeddable":true,"href":"https:\/\/eldiariodesanpedro.com.ar\/sitio\/wp-json\/wp\/v2\/users\/4"}],"replies":[{"embeddable":true,"href":"https:\/\/eldiariodesanpedro.com.ar\/sitio\/wp-json\/wp\/v2\/comments?post=117442"}],"version-history":[{"count":1,"href":"https:\/\/eldiariodesanpedro.com.ar\/sitio\/wp-json\/wp\/v2\/posts\/117442\/revisions"}],"predecessor-version":[{"id":117443,"href":"https:\/\/eldiariodesanpedro.com.ar\/sitio\/wp-json\/wp\/v2\/posts\/117442\/revisions\/117443"}],"wp:featuredmedia":[{"embeddable":true,"href":"https:\/\/eldiariodesanpedro.com.ar\/sitio\/wp-json\/wp\/v2\/media\/102746"}],"wp:attachment":[{"href":"https:\/\/eldiariodesanpedro.com.ar\/sitio\/wp-json\/wp\/v2\/media?parent=117442"}],"wp:term":[{"taxonomy":"category","embeddable":true,"href":"https:\/\/eldiariodesanpedro.com.ar\/sitio\/wp-json\/wp\/v2\/categories?post=117442"},{"taxonomy":"post_tag","embeddable":true,"href":"https:\/\/eldiariodesanpedro.com.ar\/sitio\/wp-json\/wp\/v2\/tags?post=117442"}],"curies":[{"name":"wp","href":"https:\/\/api.w.org\/{rel}","templated":true}]}}