{"id":117440,"date":"2023-04-25T20:33:20","date_gmt":"2023-04-25T23:33:20","guid":{"rendered":"https:\/\/eldiariodesanpedro.com.ar\/sitio\/?p=117440"},"modified":"2023-04-25T20:33:22","modified_gmt":"2023-04-25T23:33:22","slug":"edicto-de-sucesion-lopez-carlos-alberto","status":"publish","type":"post","link":"https:\/\/eldiariodesanpedro.com.ar\/sitio\/edicto-de-sucesion-lopez-carlos-alberto\/","title":{"rendered":"Edicto de Sucesi\u00f3n \u00a0Lopez Carlos Alberto"},"content":{"rendered":"<!-- VideographyWP Plugin Message: Automatic video embedding prevented by plugin options. -->\n\n<p>El Juzgado de Paz Letrado de la ciudad de Baradero, cita y emplaza por treinta (30) d\u00edas a los herederos y acreedores de<strong> Lopez Carlos Alberto<\/strong>; a que comparezcan a hacer valer sus derechos.- Baradero, 09 de marzo de 2023.-<\/p>\n\n\n\n<p>ESTEBAN OMAR PERUSINA<br>ABOGADA SECRETARIO<\/p>\n\n\n\n<p>(Publicaci\u00f3n V\u00e1lida por el d\u00eda 25, 26 y 27 de abril de 2023)<\/p>\n","protected":false},"excerpt":{"rendered":"<p>El Juzgado de Paz Letrado de la ciudad de Baradero, cita y emplaza por treinta (30) d\u00edas a los herederos y acreedores de Lopez Carlos Alberto; a que comparezcan a hacer valer sus derechos.- Baradero, 09 de marzo de 2023.- ESTEBAN OMAR PERUSINAABOGADA SECRETARIO (Publicaci\u00f3n V\u00e1lida por el d\u00eda 25, 26 y 27 de abril [&hellip;]<\/p>\n","protected":false},"author":4,"featured_media":102746,"comment_status":"closed","ping_status":"closed","sticky":false,"template":"","format":"standard","meta":{"om_disable_all_campaigns":false,"_jetpack_memberships_contains_paid_content":false,"footnotes":""},"categories":[676,677],"tags":[],"class_list":["post-117440","post","type-post","status-publish","format-standard","has-post-thumbnail","hentry","category-edictos","category-edictos-sucesorios"],"aioseo_notices":[],"gutentor_comment":0,"jetpack_featured_media_url":"https:\/\/eldiariodesanpedro.com.ar\/sitio\/wp-content\/uploads\/2022\/01\/EDICTO.jpg","jetpack_shortlink":"https:\/\/wp.me\/p6RhLt-uyc","jetpack_sharing_enabled":true,"_links":{"self":[{"href":"https:\/\/eldiariodesanpedro.com.ar\/sitio\/wp-json\/wp\/v2\/posts\/117440","targetHints":{"allow":["GET"]}}],"collection":[{"href":"https:\/\/eldiariodesanpedro.com.ar\/sitio\/wp-json\/wp\/v2\/posts"}],"about":[{"href":"https:\/\/eldiariodesanpedro.com.ar\/sitio\/wp-json\/wp\/v2\/types\/post"}],"author":[{"embeddable":true,"href":"https:\/\/eldiariodesanpedro.com.ar\/sitio\/wp-json\/wp\/v2\/users\/4"}],"replies":[{"embeddable":true,"href":"https:\/\/eldiariodesanpedro.com.ar\/sitio\/wp-json\/wp\/v2\/comments?post=117440"}],"version-history":[{"count":1,"href":"https:\/\/eldiariodesanpedro.com.ar\/sitio\/wp-json\/wp\/v2\/posts\/117440\/revisions"}],"predecessor-version":[{"id":117441,"href":"https:\/\/eldiariodesanpedro.com.ar\/sitio\/wp-json\/wp\/v2\/posts\/117440\/revisions\/117441"}],"wp:featuredmedia":[{"embeddable":true,"href":"https:\/\/eldiariodesanpedro.com.ar\/sitio\/wp-json\/wp\/v2\/media\/102746"}],"wp:attachment":[{"href":"https:\/\/eldiariodesanpedro.com.ar\/sitio\/wp-json\/wp\/v2\/media?parent=117440"}],"wp:term":[{"taxonomy":"category","embeddable":true,"href":"https:\/\/eldiariodesanpedro.com.ar\/sitio\/wp-json\/wp\/v2\/categories?post=117440"},{"taxonomy":"post_tag","embeddable":true,"href":"https:\/\/eldiariodesanpedro.com.ar\/sitio\/wp-json\/wp\/v2\/tags?post=117440"}],"curies":[{"name":"wp","href":"https:\/\/api.w.org\/{rel}","templated":true}]}}