{"id":117415,"date":"2023-04-25T14:14:42","date_gmt":"2023-04-25T17:14:42","guid":{"rendered":"https:\/\/eldiariodesanpedro.com.ar\/sitio\/?p=117415"},"modified":"2023-04-25T14:15:35","modified_gmt":"2023-04-25T17:15:35","slug":"fue-re-lanzado-el-programa-hogar-que-subsidia-las-garrafas","status":"publish","type":"post","link":"https:\/\/eldiariodesanpedro.com.ar\/sitio\/fue-re-lanzado-el-programa-hogar-que-subsidia-las-garrafas\/","title":{"rendered":"Fue relanzado el Programa Hogar que subsidia las garrafas"},"content":{"rendered":"<!-- VideographyWP Plugin Message: Automatic video embedding prevented by plugin options. -->\n\n<p>El Programa Hogar, que subsidia el costo de las garrafas de gas para hogares de menores ingresos, ha sido relanzado por el ministro de Econom\u00eda, Sergio Massa, y la directora ejecutiva de Anses, Fernanda Raverta. El subsidio cubrir\u00e1 el 80% del costo de la garrafa de gas, y los titulares de la Asignaci\u00f3n Universal por Hijo y la Asignaci\u00f3n por Embarazo, as\u00ed como los jubilados y pensionados que percib\u00edan el programa anterior, no tendr\u00e1n que volver a inscribirse.<\/p>\n\n\n\n<p>Para aquellos que se inscriben por primera vez y viven en una localidad con cobertura de gas, se requerir\u00e1 un certificado emitido por la distribuidora de gas que indique que no cuentan con conexi\u00f3n de gas. Adem\u00e1s, las personas que solicitaron el subsidio por Segmentaci\u00f3n Energ\u00e9tica no podr\u00e1n acceder al subsidio por garrafa del Programa Hogar.<\/p>\n\n\n\n<p>El Programa Hogar es una medida importante que beneficiar\u00e1 a miles de hogares de menores ingresos en todo el pa\u00eds. Con este subsidio, se espera aliviar la carga financiera de los hogares que dependen de la garrafa de gas para cocinar y calentar sus hogares. Los interesados pueden encontrar m\u00e1s informaci\u00f3n en la p\u00e1gina web de Anses.<\/p>\n\n\n\n<p>#ProgramaHogar #subsidios #garrafadegas #hogaresdemenoresingresos #Anses #SergioMassa #FernandaRaverta #certificado #conexi\u00f3ndegas #Segmentaci\u00f3nEnerg\u00e9tica<\/p>\n","protected":false},"excerpt":{"rendered":"<p>El Programa Hogar, que subsidia el costo de las garrafas de gas para hogares de menores ingresos, ha sido relanzado por el ministro de Econom\u00eda, Sergio Massa, y la directora ejecutiva de Anses, Fernanda Raverta. El subsidio cubrir\u00e1 el 80% del costo de la garrafa de gas, y los titulares de la Asignaci\u00f3n Universal por [&hellip;]<\/p>\n","protected":false},"author":4,"featured_media":117416,"comment_status":"closed","ping_status":"closed","sticky":false,"template":"","format":"standard","meta":{"om_disable_all_campaigns":false,"_jetpack_memberships_contains_paid_content":false,"footnotes":""},"categories":[101,2],"tags":[602,3631,3630,2342,3628,3629,3627,91,968],"class_list":["post-117415","post","type-post","status-publish","format-standard","has-post-thumbnail","hentry","category-interes-general-locales","category-locales","tag-anses","tag-certificado","tag-conexion-de-gas","tag-fernanda-raverta","tag-garrafa-de-gas","tag-hogares-de-menores-ingresos","tag-programa-hogar","tag-sergio-massa","tag-subsidios"],"aioseo_notices":[],"gutentor_comment":0,"jetpack_featured_media_url":"https:\/\/eldiariodesanpedro.com.ar\/sitio\/wp-content\/uploads\/2023\/04\/programa_hogar.jpg","jetpack_shortlink":"https:\/\/wp.me\/p6RhLt-uxN","jetpack_sharing_enabled":true,"_links":{"self":[{"href":"https:\/\/eldiariodesanpedro.com.ar\/sitio\/wp-json\/wp\/v2\/posts\/117415","targetHints":{"allow":["GET"]}}],"collection":[{"href":"https:\/\/eldiariodesanpedro.com.ar\/sitio\/wp-json\/wp\/v2\/posts"}],"about":[{"href":"https:\/\/eldiariodesanpedro.com.ar\/sitio\/wp-json\/wp\/v2\/types\/post"}],"author":[{"embeddable":true,"href":"https:\/\/eldiariodesanpedro.com.ar\/sitio\/wp-json\/wp\/v2\/users\/4"}],"replies":[{"embeddable":true,"href":"https:\/\/eldiariodesanpedro.com.ar\/sitio\/wp-json\/wp\/v2\/comments?post=117415"}],"version-history":[{"count":2,"href":"https:\/\/eldiariodesanpedro.com.ar\/sitio\/wp-json\/wp\/v2\/posts\/117415\/revisions"}],"predecessor-version":[{"id":117418,"href":"https:\/\/eldiariodesanpedro.com.ar\/sitio\/wp-json\/wp\/v2\/posts\/117415\/revisions\/117418"}],"wp:featuredmedia":[{"embeddable":true,"href":"https:\/\/eldiariodesanpedro.com.ar\/sitio\/wp-json\/wp\/v2\/media\/117416"}],"wp:attachment":[{"href":"https:\/\/eldiariodesanpedro.com.ar\/sitio\/wp-json\/wp\/v2\/media?parent=117415"}],"wp:term":[{"taxonomy":"category","embeddable":true,"href":"https:\/\/eldiariodesanpedro.com.ar\/sitio\/wp-json\/wp\/v2\/categories?post=117415"},{"taxonomy":"post_tag","embeddable":true,"href":"https:\/\/eldiariodesanpedro.com.ar\/sitio\/wp-json\/wp\/v2\/tags?post=117415"}],"curies":[{"name":"wp","href":"https:\/\/api.w.org\/{rel}","templated":true}]}}