{"id":117407,"date":"2023-04-25T13:45:17","date_gmt":"2023-04-25T16:45:17","guid":{"rendered":"https:\/\/eldiariodesanpedro.com.ar\/sitio\/?p=117407"},"modified":"2023-04-25T13:45:19","modified_gmt":"2023-04-25T16:45:19","slug":"accidente-entre-un-automovil-y-una-motocicleta-en-pleno-centro","status":"publish","type":"post","link":"https:\/\/eldiariodesanpedro.com.ar\/sitio\/accidente-entre-un-automovil-y-una-motocicleta-en-pleno-centro\/","title":{"rendered":"Accidente entre un autom\u00f3vil y una motocicleta en pleno centro"},"content":{"rendered":"<!-- VideographyWP Plugin Message: Automatic video embedding prevented by plugin options. -->\n\n<p>Esta tarde en la zona c\u00e9ntrica de la ciudad, se produjo una colisi\u00f3n entre un autom\u00f3vil y una motocicleta en la esquina de Mitre y San Mart\u00edn. El accidente ocurri\u00f3 alrededor del mediod\u00eda cuando un autom\u00f3vil Chevrolet de color gris, conducido por una mujer mayor de edad, choc\u00f3 contra una motocicleta de 110cc en la que circulaba otra mujer mayor de edad.<\/p>\n\n\n\n<p>Se desconocen las causas exactas del accidente, pero seg\u00fan testigos, la motocicleta se encontraba en el cruce cuando el autom\u00f3vil la impact\u00f3. Como resultado del accidente, la ocupante de la motocicleta sufri\u00f3 heridas leves y fue trasladada en ambulancia del SAME al hospital m\u00e1s cercano. La conductora del autom\u00f3vil result\u00f3 ilesa.<\/p>\n\n\n\n<p>La polic\u00eda local acudi\u00f3 al lugar del incidente para llevar a cabo las investigaciones necesarias y esclarecer las circunstancias que rodearon la colisi\u00f3n.<\/p>\n\n\n\n<p>#noticia #accidente #tr\u00e1fico #colisi\u00f3n #autom\u00f3vil #motocicleta #SAME #heridos #precauci\u00f3n #investigaci\u00f3n #polic\u00eda<\/p>\n\n\n\n<iframe data-src=\"https:\/\/www.facebook.com\/plugins\/video.php?height=314&#038;href=https%3A%2F%2Fwww.facebook.com%2Fdiariosp2%2Fvideos%2F2119328601791570%2F&#038;show_text=false&#038;width=560&#038;t=0\" width=\"560\" height=\"314\" style=\"border:none;overflow:hidden\" scrolling=\"no\" frameborder=\"0\" allowfullscreen=\"true\" allow=\"autoplay; clipboard-write; encrypted-media; picture-in-picture; web-share\" allowFullScreen=\"true\" src=\"data:image\/svg+xml;base64,PHN2ZyB3aWR0aD0iMSIgaGVpZ2h0PSIxIiB4bWxucz0iaHR0cDovL3d3dy53My5vcmcvMjAwMC9zdmciPjwvc3ZnPg==\" class=\"lazyload\" data-load-mode=\"1\"><\/iframe>\n","protected":false},"excerpt":{"rendered":"<p>Esta tarde en la zona c\u00e9ntrica de la ciudad, se produjo una colisi\u00f3n entre un autom\u00f3vil y una motocicleta en la esquina de Mitre y San Mart\u00edn. El accidente ocurri\u00f3 alrededor del mediod\u00eda cuando un autom\u00f3vil Chevrolet de color gris, conducido por una mujer mayor de edad, choc\u00f3 contra una motocicleta de 110cc en la [&hellip;]<\/p>\n","protected":false},"author":4,"featured_media":117412,"comment_status":"closed","ping_status":"closed","sticky":false,"template":"","format":"standard","meta":{"om_disable_all_campaigns":false,"_jetpack_memberships_contains_paid_content":false,"footnotes":""},"categories":[50,2,103],"tags":[24,3626,3624,3622,448,3593,1068,3604,1924,95,3625,1826,19,3623],"class_list":["post-117407","post","type-post","status-publish","format-standard","has-post-thumbnail","hentry","category-destacadas","category-locales","category-policiales-locales","tag-accidente","tag-accidente-entre-un-automovil-y-una-motocicleta-en-pleno-centro","tag-automovil-2","tag-colision-2","tag-heridos","tag-investigacion-2","tag-motocicleta","tag-noticia","tag-policia-bonaerense","tag-policiales","tag-precaucion","tag-same","tag-san-pedro","tag-trafico"],"aioseo_notices":[],"gutentor_comment":0,"jetpack_featured_media_url":"https:\/\/eldiariodesanpedro.com.ar\/sitio\/wp-content\/uploads\/2023\/04\/WhatsApp-Image-2023-04-25-at-13.20.23.jpeg","jetpack_shortlink":"https:\/\/wp.me\/p6RhLt-uxF","jetpack_sharing_enabled":true,"_links":{"self":[{"href":"https:\/\/eldiariodesanpedro.com.ar\/sitio\/wp-json\/wp\/v2\/posts\/117407","targetHints":{"allow":["GET"]}}],"collection":[{"href":"https:\/\/eldiariodesanpedro.com.ar\/sitio\/wp-json\/wp\/v2\/posts"}],"about":[{"href":"https:\/\/eldiariodesanpedro.com.ar\/sitio\/wp-json\/wp\/v2\/types\/post"}],"author":[{"embeddable":true,"href":"https:\/\/eldiariodesanpedro.com.ar\/sitio\/wp-json\/wp\/v2\/users\/4"}],"replies":[{"embeddable":true,"href":"https:\/\/eldiariodesanpedro.com.ar\/sitio\/wp-json\/wp\/v2\/comments?post=117407"}],"version-history":[{"count":1,"href":"https:\/\/eldiariodesanpedro.com.ar\/sitio\/wp-json\/wp\/v2\/posts\/117407\/revisions"}],"predecessor-version":[{"id":117413,"href":"https:\/\/eldiariodesanpedro.com.ar\/sitio\/wp-json\/wp\/v2\/posts\/117407\/revisions\/117413"}],"wp:featuredmedia":[{"embeddable":true,"href":"https:\/\/eldiariodesanpedro.com.ar\/sitio\/wp-json\/wp\/v2\/media\/117412"}],"wp:attachment":[{"href":"https:\/\/eldiariodesanpedro.com.ar\/sitio\/wp-json\/wp\/v2\/media?parent=117407"}],"wp:term":[{"taxonomy":"category","embeddable":true,"href":"https:\/\/eldiariodesanpedro.com.ar\/sitio\/wp-json\/wp\/v2\/categories?post=117407"},{"taxonomy":"post_tag","embeddable":true,"href":"https:\/\/eldiariodesanpedro.com.ar\/sitio\/wp-json\/wp\/v2\/tags?post=117407"}],"curies":[{"name":"wp","href":"https:\/\/api.w.org\/{rel}","templated":true}]}}