{"id":117402,"date":"2023-04-25T11:46:46","date_gmt":"2023-04-25T14:46:46","guid":{"rendered":"https:\/\/eldiariodesanpedro.com.ar\/sitio\/?p=117402"},"modified":"2023-04-25T12:04:43","modified_gmt":"2023-04-25T15:04:43","slug":"la-directora-de-la-secundaria-8-fue-agredida-por-la-madre-de-un-alumno","status":"publish","type":"post","link":"https:\/\/eldiariodesanpedro.com.ar\/sitio\/la-directora-de-la-secundaria-8-fue-agredida-por-la-madre-de-un-alumno\/","title":{"rendered":"La directora de la secundaria 8 fue agredida por la madre de un alumno"},"content":{"rendered":"<!-- VideographyWP Plugin Message: Automatic video embedding prevented by plugin options. -->\n\n<p>Este d\u00eda, Valeria Gonz\u00e1lez, directora de la escuela secundaria 8, fue v\u00edctima de una agresi\u00f3n por parte de la madre de uno de sus alumnos, dentro del establecimiento educativo.<\/p>\n\n\n\n<p>Inmediatamente, una ambulancia del SAME acudi\u00f3 al lugar para brindar atenci\u00f3n m\u00e9dica a la docente y trasladarla al nosocomio local. Asimismo, un m\u00f3vil policial se present\u00f3 para auxiliar a la v\u00edctima y acompa\u00f1arla a realizar la denuncia correspondiente en la comisar\u00eda local.<\/p>\n\n\n\n<p>El suceso ha generado gran consternaci\u00f3n en la comunidad educativa y se espera que se tomen medidas para garantizar la seguridad de los profesores y el personal escolar. Este tipo de situaciones son inaceptables y es necesario trabajar en conjunto para prevenir la violencia en las escuelas.<\/p>\n","protected":false},"excerpt":{"rendered":"<p>Este d\u00eda, Valeria Gonz\u00e1lez, directora de la escuela secundaria 8, fue v\u00edctima de una agresi\u00f3n por parte de la madre de uno de sus alumnos, dentro del establecimiento educativo. Inmediatamente, una ambulancia del SAME acudi\u00f3 al lugar para brindar atenci\u00f3n m\u00e9dica a la docente y trasladarla al nosocomio local. Asimismo, un m\u00f3vil policial se present\u00f3 [&hellip;]<\/p>\n","protected":false},"author":4,"featured_media":117403,"comment_status":"closed","ping_status":"closed","sticky":false,"template":"","format":"standard","meta":{"om_disable_all_campaigns":false,"_jetpack_memberships_contains_paid_content":false,"footnotes":""},"categories":[50,2,103],"tags":[197,33,95,19],"class_list":["post-117402","post","type-post","status-publish","format-standard","has-post-thumbnail","hentry","category-destacadas","category-locales","category-policiales-locales","tag-buenos-aires","tag-locales","tag-policiales","tag-san-pedro"],"aioseo_notices":[],"gutentor_comment":0,"jetpack_featured_media_url":"https:\/\/eldiariodesanpedro.com.ar\/sitio\/wp-content\/uploads\/2023\/04\/WhatsApp-Image-2023-04-25-at-11.19.53.jpeg","jetpack_shortlink":"https:\/\/wp.me\/p6RhLt-uxA","jetpack_sharing_enabled":true,"_links":{"self":[{"href":"https:\/\/eldiariodesanpedro.com.ar\/sitio\/wp-json\/wp\/v2\/posts\/117402","targetHints":{"allow":["GET"]}}],"collection":[{"href":"https:\/\/eldiariodesanpedro.com.ar\/sitio\/wp-json\/wp\/v2\/posts"}],"about":[{"href":"https:\/\/eldiariodesanpedro.com.ar\/sitio\/wp-json\/wp\/v2\/types\/post"}],"author":[{"embeddable":true,"href":"https:\/\/eldiariodesanpedro.com.ar\/sitio\/wp-json\/wp\/v2\/users\/4"}],"replies":[{"embeddable":true,"href":"https:\/\/eldiariodesanpedro.com.ar\/sitio\/wp-json\/wp\/v2\/comments?post=117402"}],"version-history":[{"count":2,"href":"https:\/\/eldiariodesanpedro.com.ar\/sitio\/wp-json\/wp\/v2\/posts\/117402\/revisions"}],"predecessor-version":[{"id":117406,"href":"https:\/\/eldiariodesanpedro.com.ar\/sitio\/wp-json\/wp\/v2\/posts\/117402\/revisions\/117406"}],"wp:featuredmedia":[{"embeddable":true,"href":"https:\/\/eldiariodesanpedro.com.ar\/sitio\/wp-json\/wp\/v2\/media\/117403"}],"wp:attachment":[{"href":"https:\/\/eldiariodesanpedro.com.ar\/sitio\/wp-json\/wp\/v2\/media?parent=117402"}],"wp:term":[{"taxonomy":"category","embeddable":true,"href":"https:\/\/eldiariodesanpedro.com.ar\/sitio\/wp-json\/wp\/v2\/categories?post=117402"},{"taxonomy":"post_tag","embeddable":true,"href":"https:\/\/eldiariodesanpedro.com.ar\/sitio\/wp-json\/wp\/v2\/tags?post=117402"}],"curies":[{"name":"wp","href":"https:\/\/api.w.org\/{rel}","templated":true}]}}