{"id":117400,"date":"2023-04-25T11:35:38","date_gmt":"2023-04-25T14:35:38","guid":{"rendered":"https:\/\/eldiariodesanpedro.com.ar\/sitio\/?p=117400"},"modified":"2023-04-25T11:36:54","modified_gmt":"2023-04-25T14:36:54","slug":"prorroga-de-las-tasas-municipales-por-parte-de-la-direccion-de-rentas","status":"publish","type":"post","link":"https:\/\/eldiariodesanpedro.com.ar\/sitio\/prorroga-de-las-tasas-municipales-por-parte-de-la-direccion-de-rentas\/","title":{"rendered":"Prorroga de las tasas municipales por parte de la Direcci\u00f3n de Rentas"},"content":{"rendered":"<!-- VideographyWP Plugin Message: Automatic video embedding prevented by plugin options. -->\n\n<p>La Direcci\u00f3n de Rentas de la Municipalidad de San Pedro ha anunciado que se extender\u00e1 el plazo de vencimiento de varias tasas municipales hasta el 28 de abril. Las tasas que se ver\u00e1n afectadas por esta pr\u00f3rroga son la Patente automotor 2002-2011 (cuota 2\/2023), la Patente automotor 2012 (Cuota 1\/23 y pago anual) y la Patente motoveh\u00edculo (Cuota \u00fanica).<\/p>\n\n\n\n<p>Si bien estas tasas originalmente venc\u00edan el d\u00eda 24, ahora los contribuyentes tendr\u00e1n cuatro d\u00edas adicionales para cumplir con sus obligaciones fiscales. La medida busca aliviar la carga financiera de los contribuyentes afectados por la crisis econ\u00f3mica actual.<\/p>\n\n\n\n<p>Cabe destacar que, para cualquier consulta relacionada con estos temas, la Direcci\u00f3n de Rentas pone a disposici\u00f3n de los ciudadanos los siguientes medios de comunicaci\u00f3n: correo electr\u00f3nico a <a href=\"mailto:atencionalcontribuyente@sanpedro.gob.ar\">atencionalcontribuyente@sanpedro.gob.ar<\/a> o WhatsApp (solo para mensajes) al n\u00famero 3329-641517. Los contribuyentes pueden utilizar estos canales para obtener m\u00e1s informaci\u00f3n o para aclarar cualquier duda sobre el pago de las tasas municipales.<\/p>\n","protected":false},"excerpt":{"rendered":"<p>La Direcci\u00f3n de Rentas de la Municipalidad de San Pedro ha anunciado que se extender\u00e1 el plazo de vencimiento de varias tasas municipales hasta el 28 de abril. Las tasas que se ver\u00e1n afectadas por esta pr\u00f3rroga son la Patente automotor 2002-2011 (cuota 2\/2023), la Patente automotor 2012 (Cuota 1\/23 y pago anual) y la [&hellip;]<\/p>\n","protected":false},"author":4,"featured_media":3907,"comment_status":"closed","ping_status":"closed","sticky":false,"template":"","format":"standard","meta":{"om_disable_all_campaigns":false,"_jetpack_memberships_contains_paid_content":false,"footnotes":""},"categories":[101,2],"tags":[197,696,33,3621,19],"class_list":["post-117400","post","type-post","status-publish","format-standard","has-post-thumbnail","hentry","category-interes-general-locales","category-locales","tag-buenos-aires","tag-interes-general","tag-locales","tag-prorroga-de-las-tasas-municipales-por-parte-de-la-direccion-de-rentas","tag-san-pedro"],"aioseo_notices":[],"gutentor_comment":0,"jetpack_featured_media_url":"https:\/\/eldiariodesanpedro.com.ar\/sitio\/wp-content\/uploads\/2016\/05\/rentas.jpg","jetpack_shortlink":"https:\/\/wp.me\/p6RhLt-uxy","jetpack_sharing_enabled":true,"_links":{"self":[{"href":"https:\/\/eldiariodesanpedro.com.ar\/sitio\/wp-json\/wp\/v2\/posts\/117400","targetHints":{"allow":["GET"]}}],"collection":[{"href":"https:\/\/eldiariodesanpedro.com.ar\/sitio\/wp-json\/wp\/v2\/posts"}],"about":[{"href":"https:\/\/eldiariodesanpedro.com.ar\/sitio\/wp-json\/wp\/v2\/types\/post"}],"author":[{"embeddable":true,"href":"https:\/\/eldiariodesanpedro.com.ar\/sitio\/wp-json\/wp\/v2\/users\/4"}],"replies":[{"embeddable":true,"href":"https:\/\/eldiariodesanpedro.com.ar\/sitio\/wp-json\/wp\/v2\/comments?post=117400"}],"version-history":[{"count":1,"href":"https:\/\/eldiariodesanpedro.com.ar\/sitio\/wp-json\/wp\/v2\/posts\/117400\/revisions"}],"predecessor-version":[{"id":117401,"href":"https:\/\/eldiariodesanpedro.com.ar\/sitio\/wp-json\/wp\/v2\/posts\/117400\/revisions\/117401"}],"wp:featuredmedia":[{"embeddable":true,"href":"https:\/\/eldiariodesanpedro.com.ar\/sitio\/wp-json\/wp\/v2\/media\/3907"}],"wp:attachment":[{"href":"https:\/\/eldiariodesanpedro.com.ar\/sitio\/wp-json\/wp\/v2\/media?parent=117400"}],"wp:term":[{"taxonomy":"category","embeddable":true,"href":"https:\/\/eldiariodesanpedro.com.ar\/sitio\/wp-json\/wp\/v2\/categories?post=117400"},{"taxonomy":"post_tag","embeddable":true,"href":"https:\/\/eldiariodesanpedro.com.ar\/sitio\/wp-json\/wp\/v2\/tags?post=117400"}],"curies":[{"name":"wp","href":"https:\/\/api.w.org\/{rel}","templated":true}]}}