{"id":117391,"date":"2023-04-24T21:20:33","date_gmt":"2023-04-25T00:20:33","guid":{"rendered":"https:\/\/eldiariodesanpedro.com.ar\/sitio\/?p=117391"},"modified":"2023-04-24T21:20:35","modified_gmt":"2023-04-25T00:20:35","slug":"un-nino-fue-gravemente-mordido-por-un-pitbull-y-fue-trasladado-de-urgencia-a-la-ciudad-de-buenos-aires","status":"publish","type":"post","link":"https:\/\/eldiariodesanpedro.com.ar\/sitio\/un-nino-fue-gravemente-mordido-por-un-pitbull-y-fue-trasladado-de-urgencia-a-la-ciudad-de-buenos-aires\/","title":{"rendered":"Un ni\u00f1o fue gravemente mordido por un Pitbull y fue trasladado de urgencia a la ciudad de Buenos Aires"},"content":{"rendered":"<!-- VideographyWP Plugin Message: Automatic video embedding prevented by plugin options. -->\n\n<p>Un ni\u00f1o de 11 a\u00f1os fue atacado por un perro pitbull en horas de la tarde noche del lunes en el barrio Arcor de la ciudad. El incidente tuvo lugar en la calle 74 al 600, donde el animal mordi\u00f3 al ni\u00f1o en la cara, caus\u00e1ndole graves heridas.<\/p>\n\n\n\n<p>El ni\u00f1o fue trasladado en un autom\u00f3vil de urgencia por su familia a la guardia de pediatr\u00eda del Hospital Subzonal \u00abDr. Emilio Ruffa\u00bb, donde recibi\u00f3 atenci\u00f3n m\u00e9dica para estabilizarlo. Sin embargo, debido a la gravedad de las lesiones, fue derivado al Instituto del Quemado de la ciudad de Buenos Aires.<\/p>\n\n\n\n<p>Las autoridades locales est\u00e1n investigando el incidente y trabajando para determinar como ocurri\u00f3 el ataque.<\/p>\n\n\n\n<p>#ataque #perro #pitbull #ni\u00f1o #heridas #urgencia #hospital #investigaci\u00f3n #seguridad #mascotas #responsabilidad #cuidado<\/p>\n","protected":false},"excerpt":{"rendered":"<p>Un ni\u00f1o de 11 a\u00f1os fue atacado por un perro pitbull en horas de la tarde noche del lunes en el barrio Arcor de la ciudad. El incidente tuvo lugar en la calle 74 al 600, donde el animal mordi\u00f3 al ni\u00f1o en la cara, caus\u00e1ndole graves heridas. El ni\u00f1o fue trasladado en un autom\u00f3vil [&hellip;]<\/p>\n","protected":false},"author":4,"featured_media":81053,"comment_status":"closed","ping_status":"closed","sticky":false,"template":"","format":"standard","meta":{"om_disable_all_campaigns":false,"_jetpack_memberships_contains_paid_content":false,"footnotes":""},"categories":[50,2,103],"tags":[883,197,3620,3611,634,3593,33,3618,421,3615,3616,95,3619,19,628,3617],"class_list":["post-117391","post","type-post","status-publish","format-standard","has-post-thumbnail","hentry","category-destacadas","category-locales","category-policiales-locales","tag-ataque","tag-buenos-aires","tag-cuidado","tag-heridas","tag-hospital","tag-investigacion-2","tag-locales","tag-mascotas","tag-nino","tag-perro","tag-pitbull","tag-policiales","tag-responsabilidad","tag-san-pedro","tag-seguridad","tag-urgencia"],"aioseo_notices":[],"gutentor_comment":0,"jetpack_featured_media_url":"https:\/\/eldiariodesanpedro.com.ar\/sitio\/wp-content\/uploads\/2020\/09\/guardia-940x528-1.jpg","jetpack_shortlink":"https:\/\/wp.me\/p6RhLt-uxp","jetpack_sharing_enabled":true,"_links":{"self":[{"href":"https:\/\/eldiariodesanpedro.com.ar\/sitio\/wp-json\/wp\/v2\/posts\/117391","targetHints":{"allow":["GET"]}}],"collection":[{"href":"https:\/\/eldiariodesanpedro.com.ar\/sitio\/wp-json\/wp\/v2\/posts"}],"about":[{"href":"https:\/\/eldiariodesanpedro.com.ar\/sitio\/wp-json\/wp\/v2\/types\/post"}],"author":[{"embeddable":true,"href":"https:\/\/eldiariodesanpedro.com.ar\/sitio\/wp-json\/wp\/v2\/users\/4"}],"replies":[{"embeddable":true,"href":"https:\/\/eldiariodesanpedro.com.ar\/sitio\/wp-json\/wp\/v2\/comments?post=117391"}],"version-history":[{"count":1,"href":"https:\/\/eldiariodesanpedro.com.ar\/sitio\/wp-json\/wp\/v2\/posts\/117391\/revisions"}],"predecessor-version":[{"id":117392,"href":"https:\/\/eldiariodesanpedro.com.ar\/sitio\/wp-json\/wp\/v2\/posts\/117391\/revisions\/117392"}],"wp:featuredmedia":[{"embeddable":true,"href":"https:\/\/eldiariodesanpedro.com.ar\/sitio\/wp-json\/wp\/v2\/media\/81053"}],"wp:attachment":[{"href":"https:\/\/eldiariodesanpedro.com.ar\/sitio\/wp-json\/wp\/v2\/media?parent=117391"}],"wp:term":[{"taxonomy":"category","embeddable":true,"href":"https:\/\/eldiariodesanpedro.com.ar\/sitio\/wp-json\/wp\/v2\/categories?post=117391"},{"taxonomy":"post_tag","embeddable":true,"href":"https:\/\/eldiariodesanpedro.com.ar\/sitio\/wp-json\/wp\/v2\/tags?post=117391"}],"curies":[{"name":"wp","href":"https:\/\/api.w.org\/{rel}","templated":true}]}}