{"id":117384,"date":"2023-04-24T20:52:21","date_gmt":"2023-04-24T23:52:21","guid":{"rendered":"https:\/\/eldiariodesanpedro.com.ar\/sitio\/?p=117384"},"modified":"2023-04-24T20:52:23","modified_gmt":"2023-04-24T23:52:23","slug":"cuatro-personas-aprehendidas-por-robar-tres-bolsas-de-batatas-en-un-campo","status":"publish","type":"post","link":"https:\/\/eldiariodesanpedro.com.ar\/sitio\/cuatro-personas-aprehendidas-por-robar-tres-bolsas-de-batatas-en-un-campo\/","title":{"rendered":"Cuatro personas aprehendidas por robar tres bolsas de batatas en un campo"},"content":{"rendered":"<!-- VideographyWP Plugin Message: Automatic video embedding prevented by plugin options. -->\n\n<p>El domingo pasado, el personal policial de la dependencia se traslad\u00f3 al camino rural al circuito s\/n de nuestra ciudad, donde se encuentra un campo perteneciente a un ciudadano mayor de edad. All\u00ed, se llev\u00f3 a cabo la aprehensi\u00f3n de cuatro hombres de 13, 28, 29 y 44 a\u00f1os de edad, quienes fueron encontrados recolectando batatas dentro del campo. Los individuos fueron encontrados con tres bolsas que conten\u00edan entre 50 y 60 kilogramos de batatas.<\/p>\n\n\n\n<p>La UFI 7 y la UFI del Joven San Nicol\u00e1s han intervenido en el caso. Los aprehendidos fueron trasladados a la comisaria local donde fueron liberados r\u00e1pidamente y las batatas devueltas al due\u00f1o del campo.<\/p>\n\n\n\n<p>#noticia #aprehensi\u00f3n #policia #campo #recolecci\u00f3n #batatas #UFI7 #JovenSanNicol\u00e1s<\/p>\n\n\n\n<figure class=\"wp-block-image size-large\"><img decoding=\"async\" width=\"1024\" height=\"577\" data-attachment-id=\"117386\" data-permalink=\"https:\/\/eldiariodesanpedro.com.ar\/sitio\/cuatro-personas-aprehendidas-por-robar-tres-bolsas-de-batatas-en-un-campo\/medida-8-2\/\" data-orig-file=\"https:\/\/eldiariodesanpedro.com.ar\/sitio\/wp-content\/uploads\/2023\/04\/medida-8.png\" data-orig-size=\"1119,630\" data-comments-opened=\"0\" data-image-meta=\"{&quot;aperture&quot;:&quot;0&quot;,&quot;credit&quot;:&quot;&quot;,&quot;camera&quot;:&quot;&quot;,&quot;caption&quot;:&quot;&quot;,&quot;created_timestamp&quot;:&quot;0&quot;,&quot;copyright&quot;:&quot;&quot;,&quot;focal_length&quot;:&quot;0&quot;,&quot;iso&quot;:&quot;0&quot;,&quot;shutter_speed&quot;:&quot;0&quot;,&quot;title&quot;:&quot;&quot;,&quot;orientation&quot;:&quot;0&quot;}\" data-image-title=\"medida-8\" data-image-description=\"\" data-image-caption=\"\" data-large-file=\"https:\/\/eldiariodesanpedro.com.ar\/sitio\/wp-content\/uploads\/2023\/04\/medida-8-1024x577.png\" data-src=\"https:\/\/eldiariodesanpedro.com.ar\/sitio\/wp-content\/uploads\/2023\/04\/medida-8-1024x577.png\" alt=\"\" class=\"wp-image-117386 lazyload\" data-srcset=\"https:\/\/eldiariodesanpedro.com.ar\/sitio\/wp-content\/uploads\/2023\/04\/medida-8-1024x577.png 1024w, https:\/\/eldiariodesanpedro.com.ar\/sitio\/wp-content\/uploads\/2023\/04\/medida-8-300x169.png 300w, https:\/\/eldiariodesanpedro.com.ar\/sitio\/wp-content\/uploads\/2023\/04\/medida-8-768x432.png 768w, https:\/\/eldiariodesanpedro.com.ar\/sitio\/wp-content\/uploads\/2023\/04\/medida-8.png 1119w\" data-sizes=\"(max-width: 1024px) 100vw, 1024px\" src=\"data:image\/svg+xml;base64,PHN2ZyB3aWR0aD0iMSIgaGVpZ2h0PSIxIiB4bWxucz0iaHR0cDovL3d3dy53My5vcmcvMjAwMC9zdmciPjwvc3ZnPg==\" style=\"--smush-placeholder-width: 1024px; --smush-placeholder-aspect-ratio: 1024\/577;\" \/><\/figure>\n","protected":false},"excerpt":{"rendered":"<p>El domingo pasado, el personal policial de la dependencia se traslad\u00f3 al camino rural al circuito s\/n de nuestra ciudad, donde se encuentra un campo perteneciente a un ciudadano mayor de edad. All\u00ed, se llev\u00f3 a cabo la aprehensi\u00f3n de cuatro hombres de 13, 28, 29 y 44 a\u00f1os de edad, quienes fueron encontrados recolectando [&hellip;]<\/p>\n","protected":false},"author":4,"featured_media":117385,"comment_status":"closed","ping_status":"closed","sticky":false,"template":"","format":"standard","meta":{"om_disable_all_campaigns":false,"_jetpack_memberships_contains_paid_content":false,"footnotes":""},"categories":[2,103],"tags":[3597,3606,3605,3610,3609,3604,3608,3607,19,1738],"class_list":["post-117384","post","type-post","status-publish","format-standard","has-post-thumbnail","hentry","category-locales","category-policiales-locales","tag-aprehension-2","tag-batatas","tag-campo","tag-cuatro-personas-aprehendidas-por-robar-tres-bolsas-de-batatas-en-un-campo","tag-joven-san-nicolas","tag-noticia","tag-personal-policial-2","tag-recoleccion","tag-san-pedro","tag-ufi-7"],"aioseo_notices":[],"gutentor_comment":0,"jetpack_featured_media_url":"https:\/\/eldiariodesanpedro.com.ar\/sitio\/wp-content\/uploads\/2023\/04\/medida-7.png","jetpack_shortlink":"https:\/\/wp.me\/p6RhLt-uxi","jetpack_sharing_enabled":true,"_links":{"self":[{"href":"https:\/\/eldiariodesanpedro.com.ar\/sitio\/wp-json\/wp\/v2\/posts\/117384","targetHints":{"allow":["GET"]}}],"collection":[{"href":"https:\/\/eldiariodesanpedro.com.ar\/sitio\/wp-json\/wp\/v2\/posts"}],"about":[{"href":"https:\/\/eldiariodesanpedro.com.ar\/sitio\/wp-json\/wp\/v2\/types\/post"}],"author":[{"embeddable":true,"href":"https:\/\/eldiariodesanpedro.com.ar\/sitio\/wp-json\/wp\/v2\/users\/4"}],"replies":[{"embeddable":true,"href":"https:\/\/eldiariodesanpedro.com.ar\/sitio\/wp-json\/wp\/v2\/comments?post=117384"}],"version-history":[{"count":1,"href":"https:\/\/eldiariodesanpedro.com.ar\/sitio\/wp-json\/wp\/v2\/posts\/117384\/revisions"}],"predecessor-version":[{"id":117387,"href":"https:\/\/eldiariodesanpedro.com.ar\/sitio\/wp-json\/wp\/v2\/posts\/117384\/revisions\/117387"}],"wp:featuredmedia":[{"embeddable":true,"href":"https:\/\/eldiariodesanpedro.com.ar\/sitio\/wp-json\/wp\/v2\/media\/117385"}],"wp:attachment":[{"href":"https:\/\/eldiariodesanpedro.com.ar\/sitio\/wp-json\/wp\/v2\/media?parent=117384"}],"wp:term":[{"taxonomy":"category","embeddable":true,"href":"https:\/\/eldiariodesanpedro.com.ar\/sitio\/wp-json\/wp\/v2\/categories?post=117384"},{"taxonomy":"post_tag","embeddable":true,"href":"https:\/\/eldiariodesanpedro.com.ar\/sitio\/wp-json\/wp\/v2\/tags?post=117384"}],"curies":[{"name":"wp","href":"https:\/\/api.w.org\/{rel}","templated":true}]}}