{"id":117367,"date":"2023-04-24T13:16:00","date_gmt":"2023-04-24T16:16:00","guid":{"rendered":"https:\/\/eldiariodesanpedro.com.ar\/sitio\/?p=117367"},"modified":"2023-04-24T13:16:02","modified_gmt":"2023-04-24T16:16:02","slug":"arresto-domiciliario-para-pescado-dominguez-mientras-avanza-investigacion-sobre-la-banda-de-piratas-del-asfalto","status":"publish","type":"post","link":"https:\/\/eldiariodesanpedro.com.ar\/sitio\/arresto-domiciliario-para-pescado-dominguez-mientras-avanza-investigacion-sobre-la-banda-de-piratas-del-asfalto\/","title":{"rendered":"Arresto domiciliario para \u00abPescado Dominguez\u00bb mientras avanza investigaci\u00f3n sobre la banda de piratas del asfalto"},"content":{"rendered":"<!-- VideographyWP Plugin Message: Automatic video embedding prevented by plugin options. -->\n\n<p>El empresario transportista Gustavo \u00abPescado\u00bb Dom\u00ednguez ha comenzado su per\u00edodo de arresto domiciliario en nuestra ciudad despu\u00e9s de cumplir con los requisitos legales exigidos por la justicia. A medida que avanza la investigaci\u00f3n y se determina el papel de cada uno de los imputados, Dom\u00ednguez ha sido liberado bajo arresto domiciliario por la defensa a cargo del Dr. Gabriel Ganon, quien present\u00f3 la documentaci\u00f3n necesaria y abog\u00f3 por la inocencia de su cliente.<\/p>\n\n\n\n<p>Dom\u00ednguez hab\u00eda estado detenido en una dependencia del Departamento Judicial de Jun\u00edn por unos meses despu\u00e9s de ser acusado de liderar una banda de piratas del asfalto que hab\u00eda cometido varios delitos en toda la regi\u00f3n. Adem\u00e1s, el chofer de la empresa Expreso Hada, Juan Carlos Mendizabal, tambi\u00e9n est\u00e1 bajo arresto domiciliario, mientras que el hijo del empresario, Federico Dom\u00ednguez, fue puesto en libertad poco despu\u00e9s de entregarse a la justicia.<\/p>\n\n\n\n<p>La defensa de Dom\u00ednguez afirm\u00f3 en una entrevista en que su cliente solo hab\u00eda cumplido con un encargo puntual de un cliente, y que no estaba relacionado con los delitos que se le acusan. Mientras tanto, la investigaci\u00f3n contin\u00faa para determinar las responsabilidades de cada uno de los imputados en este caso.<\/p>\n","protected":false},"excerpt":{"rendered":"<p>El empresario transportista Gustavo \u00abPescado\u00bb Dom\u00ednguez ha comenzado su per\u00edodo de arresto domiciliario en nuestra ciudad despu\u00e9s de cumplir con los requisitos legales exigidos por la justicia. A medida que avanza la investigaci\u00f3n y se determina el papel de cada uno de los imputados, Dom\u00ednguez ha sido liberado bajo arresto domiciliario por la defensa a [&hellip;]<\/p>\n","protected":false},"author":4,"featured_media":117368,"comment_status":"closed","ping_status":"closed","sticky":false,"template":"","format":"standard","meta":{"om_disable_all_campaigns":false,"_jetpack_memberships_contains_paid_content":false,"footnotes":""},"categories":[50,101,2],"tags":[3580,197,696,33,19],"class_list":["post-117367","post","type-post","status-publish","format-standard","has-post-thumbnail","hentry","category-destacadas","category-interes-general-locales","category-locales","tag-arresto-domiciliario-para-pescado-dominguez-mientras-avanza-investigacion-sobre-la-banda-de-piratas-del-asfalto","tag-buenos-aires","tag-interes-general","tag-locales","tag-san-pedro"],"aioseo_notices":[],"gutentor_comment":0,"jetpack_featured_media_url":"https:\/\/eldiariodesanpedro.com.ar\/sitio\/wp-content\/uploads\/2023\/04\/medida-3.png","jetpack_shortlink":"https:\/\/wp.me\/p6RhLt-ux1","jetpack_sharing_enabled":true,"_links":{"self":[{"href":"https:\/\/eldiariodesanpedro.com.ar\/sitio\/wp-json\/wp\/v2\/posts\/117367","targetHints":{"allow":["GET"]}}],"collection":[{"href":"https:\/\/eldiariodesanpedro.com.ar\/sitio\/wp-json\/wp\/v2\/posts"}],"about":[{"href":"https:\/\/eldiariodesanpedro.com.ar\/sitio\/wp-json\/wp\/v2\/types\/post"}],"author":[{"embeddable":true,"href":"https:\/\/eldiariodesanpedro.com.ar\/sitio\/wp-json\/wp\/v2\/users\/4"}],"replies":[{"embeddable":true,"href":"https:\/\/eldiariodesanpedro.com.ar\/sitio\/wp-json\/wp\/v2\/comments?post=117367"}],"version-history":[{"count":1,"href":"https:\/\/eldiariodesanpedro.com.ar\/sitio\/wp-json\/wp\/v2\/posts\/117367\/revisions"}],"predecessor-version":[{"id":117369,"href":"https:\/\/eldiariodesanpedro.com.ar\/sitio\/wp-json\/wp\/v2\/posts\/117367\/revisions\/117369"}],"wp:featuredmedia":[{"embeddable":true,"href":"https:\/\/eldiariodesanpedro.com.ar\/sitio\/wp-json\/wp\/v2\/media\/117368"}],"wp:attachment":[{"href":"https:\/\/eldiariodesanpedro.com.ar\/sitio\/wp-json\/wp\/v2\/media?parent=117367"}],"wp:term":[{"taxonomy":"category","embeddable":true,"href":"https:\/\/eldiariodesanpedro.com.ar\/sitio\/wp-json\/wp\/v2\/categories?post=117367"},{"taxonomy":"post_tag","embeddable":true,"href":"https:\/\/eldiariodesanpedro.com.ar\/sitio\/wp-json\/wp\/v2\/tags?post=117367"}],"curies":[{"name":"wp","href":"https:\/\/api.w.org\/{rel}","templated":true}]}}