{"id":117364,"date":"2023-04-24T12:50:14","date_gmt":"2023-04-24T15:50:14","guid":{"rendered":"https:\/\/eldiariodesanpedro.com.ar\/sitio\/?p=117364"},"modified":"2023-04-24T12:50:16","modified_gmt":"2023-04-24T15:50:16","slug":"veronica-caceres-reemplaza-a-angel-burgos-en-transito-y-nocturnidad","status":"publish","type":"post","link":"https:\/\/eldiariodesanpedro.com.ar\/sitio\/veronica-caceres-reemplaza-a-angel-burgos-en-transito-y-nocturnidad\/","title":{"rendered":"Ver\u00f3nica C\u00e1ceres reemplaza a \u00c1ngel Burgos en Tr\u00e1nsito y Nocturnidad"},"content":{"rendered":"<!-- VideographyWP Plugin Message: Automatic video embedding prevented by plugin options. -->\n\n<p>La Municipalidad ha anunciado la designaci\u00f3n de Ver\u00f3nica C\u00e1ceres como la nueva Directora de Tr\u00e1nsito y Nocturnidad, en sustituci\u00f3n de \u00c1ngel Burgos. <\/p>\n\n\n\n<p>Aunque no se han dado detalles sobre las razones de la salida de Burgos, desde el regreso de Cecilio Salazar a la alcald\u00eda, siempre se hab\u00eda especulado con la posibilidad de que se realizaran cambios en el \u00e1rea. C\u00e1ceres, la flamante funcionaria, asumir\u00e1 su nuevo cargo en los pr\u00f3ximos d\u00edas.<\/p>\n","protected":false},"excerpt":{"rendered":"<p>La Municipalidad ha anunciado la designaci\u00f3n de Ver\u00f3nica C\u00e1ceres como la nueva Directora de Tr\u00e1nsito y Nocturnidad, en sustituci\u00f3n de \u00c1ngel Burgos. Aunque no se han dado detalles sobre las razones de la salida de Burgos, desde el regreso de Cecilio Salazar a la alcald\u00eda, siempre se hab\u00eda especulado con la posibilidad de que se [&hellip;]<\/p>\n","protected":false},"author":4,"featured_media":117365,"comment_status":"closed","ping_status":"closed","sticky":false,"template":"","format":"standard","meta":{"om_disable_all_campaigns":false,"_jetpack_memberships_contains_paid_content":false,"footnotes":""},"categories":[50,101,2],"tags":[197,696,33],"class_list":["post-117364","post","type-post","status-publish","format-standard","has-post-thumbnail","hentry","category-destacadas","category-interes-general-locales","category-locales","tag-buenos-aires","tag-interes-general","tag-locales"],"aioseo_notices":[],"gutentor_comment":0,"jetpack_featured_media_url":"https:\/\/eldiariodesanpedro.com.ar\/sitio\/wp-content\/uploads\/2023\/04\/medida-2.png","jetpack_shortlink":"https:\/\/wp.me\/p6RhLt-uwY","jetpack_sharing_enabled":true,"_links":{"self":[{"href":"https:\/\/eldiariodesanpedro.com.ar\/sitio\/wp-json\/wp\/v2\/posts\/117364","targetHints":{"allow":["GET"]}}],"collection":[{"href":"https:\/\/eldiariodesanpedro.com.ar\/sitio\/wp-json\/wp\/v2\/posts"}],"about":[{"href":"https:\/\/eldiariodesanpedro.com.ar\/sitio\/wp-json\/wp\/v2\/types\/post"}],"author":[{"embeddable":true,"href":"https:\/\/eldiariodesanpedro.com.ar\/sitio\/wp-json\/wp\/v2\/users\/4"}],"replies":[{"embeddable":true,"href":"https:\/\/eldiariodesanpedro.com.ar\/sitio\/wp-json\/wp\/v2\/comments?post=117364"}],"version-history":[{"count":1,"href":"https:\/\/eldiariodesanpedro.com.ar\/sitio\/wp-json\/wp\/v2\/posts\/117364\/revisions"}],"predecessor-version":[{"id":117366,"href":"https:\/\/eldiariodesanpedro.com.ar\/sitio\/wp-json\/wp\/v2\/posts\/117364\/revisions\/117366"}],"wp:featuredmedia":[{"embeddable":true,"href":"https:\/\/eldiariodesanpedro.com.ar\/sitio\/wp-json\/wp\/v2\/media\/117365"}],"wp:attachment":[{"href":"https:\/\/eldiariodesanpedro.com.ar\/sitio\/wp-json\/wp\/v2\/media?parent=117364"}],"wp:term":[{"taxonomy":"category","embeddable":true,"href":"https:\/\/eldiariodesanpedro.com.ar\/sitio\/wp-json\/wp\/v2\/categories?post=117364"},{"taxonomy":"post_tag","embeddable":true,"href":"https:\/\/eldiariodesanpedro.com.ar\/sitio\/wp-json\/wp\/v2\/tags?post=117364"}],"curies":[{"name":"wp","href":"https:\/\/api.w.org\/{rel}","templated":true}]}}