{"id":117358,"date":"2023-04-24T12:06:58","date_gmt":"2023-04-24T15:06:58","guid":{"rendered":"https:\/\/eldiariodesanpedro.com.ar\/sitio\/?p=117358"},"modified":"2023-04-24T12:06:59","modified_gmt":"2023-04-24T15:06:59","slug":"inauguracion-del-nuevo-playon-deportivo-en-gobernador-castro","status":"publish","type":"post","link":"https:\/\/eldiariodesanpedro.com.ar\/sitio\/inauguracion-del-nuevo-playon-deportivo-en-gobernador-castro\/","title":{"rendered":"Inauguraci\u00f3n del nuevo Play\u00f3n Deportivo en Gobernador Castro"},"content":{"rendered":"<!-- VideographyWP Plugin Message: Automatic video embedding prevented by plugin options. -->\n\n<p>En la tarde de este domingo, encabezado por el Intendente Cecilio Salazar, se llev\u00f3 cabo la inauguraci\u00f3n del nuevo Play\u00f3n Deportivo en Gobernador Castro. El evento cont\u00f3 con la participaci\u00f3n de integrantes del Gabinete Municipal, de vecinos y fundamentalmente de j\u00f3venes pertenecientes a las Escuelas Deportivas Municipales, quienes demostraron sus habilidades en diversas disciplinas.<\/p>\n\n\n\n<p>En principio brind\u00f3 unas palabras a los presentes, el delegado municipal \u00c1ngel \u00c1lvarez, quien expres\u00f3: \u201cEstamos muy contentos. Es algo que hac\u00eda mucho tiempo que lo esperaban todos los chicos de Gobernador Castro, y le quiero agradecer al Intendente por el esfuerzo que se ha hecho y a todas las \u00e1reas, porque pr\u00e1cticamente todas colaboraron\u201d.<\/p>\n\n\n\n<p>El Intendente Cecilio Salazar expres\u00f3 su satisfacci\u00f3n por la apertura del nuevo espacio deportivo, destacando la importancia de fomentar el deporte y la recreaci\u00f3n en la comunidad. Adem\u00e1s, agradeci\u00f3 a todos los presentes por su asistencia y participaci\u00f3n en este momento significativo para Gobernador Castro.<\/p>\n\n\n\n<p>Adem\u00e1s, sostuvo que se concluir\u00e1n prontamente \u201cesos 300 metros que faltan para llegar hasta el paso nivel con el pavimento\u201d. \u201cEsperemos que en los pr\u00f3ximos d\u00edas lo podamos iniciar a esa obra\u201d, agreg\u00f3 el Jefe Comunal.<\/p>\n\n\n\n<p>Destac\u00f3 a Agricultores Club y a Gerardo De Vincenzi: \u201cEst\u00e1 haciendo una presidencia extraordinaria\u201d y agreg\u00f3 desde el estado \u201ctenemos la obligaci\u00f3n de colaborar con los clubes\u201d.<\/p>\n\n\n\n<p>Al tiempo que concluy\u00f3, Gobernador Castro \u201ces una comunidad muy laboriosa que merece tener una mejor vida\u201d y \u201ceso se logra con el trabajo en conjunto entre el municipio y los vecinos\u201d.<\/p>\n\n\n\n<p>Los presentes en la inauguraci\u00f3n tambi\u00e9n tuvieron la oportunidad de disfrutar de sorteos y sorpresas especiales, que animaron a\u00fan m\u00e1s la celebraci\u00f3n. Con m\u00fasica a cargo de un DJ en vivo y la posibilidad de practicar deporte en las nuevas instalaciones del Play\u00f3n Deportivo, la tarde se llen\u00f3 de diversi\u00f3n y alegr\u00eda para todos los asistentes.<\/p>\n\n\n\n<figure class=\"wp-block-image size-large\"><img decoding=\"async\" width=\"1024\" height=\"576\" data-attachment-id=\"117360\" data-permalink=\"https:\/\/eldiariodesanpedro.com.ar\/sitio\/inauguracion-del-nuevo-playon-deportivo-en-gobernador-castro\/whatsapp-image-2023-04-23-at-19-38-38\/\" data-orig-file=\"https:\/\/eldiariodesanpedro.com.ar\/sitio\/wp-content\/uploads\/2023\/04\/WhatsApp-Image-2023-04-23-at-19.38.38.jpeg\" data-orig-size=\"1120,630\" data-comments-opened=\"0\" data-image-meta=\"{&quot;aperture&quot;:&quot;0&quot;,&quot;credit&quot;:&quot;&quot;,&quot;camera&quot;:&quot;&quot;,&quot;caption&quot;:&quot;&quot;,&quot;created_timestamp&quot;:&quot;0&quot;,&quot;copyright&quot;:&quot;&quot;,&quot;focal_length&quot;:&quot;0&quot;,&quot;iso&quot;:&quot;0&quot;,&quot;shutter_speed&quot;:&quot;0&quot;,&quot;title&quot;:&quot;&quot;,&quot;orientation&quot;:&quot;0&quot;}\" data-image-title=\"WhatsApp Image 2023-04-23 at 19.38.38\" data-image-description=\"\" data-image-caption=\"\" data-large-file=\"https:\/\/eldiariodesanpedro.com.ar\/sitio\/wp-content\/uploads\/2023\/04\/WhatsApp-Image-2023-04-23-at-19.38.38-1024x576.jpeg\" data-src=\"https:\/\/eldiariodesanpedro.com.ar\/sitio\/wp-content\/uploads\/2023\/04\/WhatsApp-Image-2023-04-23-at-19.38.38-1024x576.jpeg\" alt=\"\" class=\"wp-image-117360 lazyload\" data-srcset=\"https:\/\/eldiariodesanpedro.com.ar\/sitio\/wp-content\/uploads\/2023\/04\/WhatsApp-Image-2023-04-23-at-19.38.38-1024x576.jpeg 1024w, https:\/\/eldiariodesanpedro.com.ar\/sitio\/wp-content\/uploads\/2023\/04\/WhatsApp-Image-2023-04-23-at-19.38.38-300x169.jpeg 300w, https:\/\/eldiariodesanpedro.com.ar\/sitio\/wp-content\/uploads\/2023\/04\/WhatsApp-Image-2023-04-23-at-19.38.38-768x432.jpeg 768w, https:\/\/eldiariodesanpedro.com.ar\/sitio\/wp-content\/uploads\/2023\/04\/WhatsApp-Image-2023-04-23-at-19.38.38.jpeg 1120w\" data-sizes=\"(max-width: 1024px) 100vw, 1024px\" src=\"data:image\/svg+xml;base64,PHN2ZyB3aWR0aD0iMSIgaGVpZ2h0PSIxIiB4bWxucz0iaHR0cDovL3d3dy53My5vcmcvMjAwMC9zdmciPjwvc3ZnPg==\" style=\"--smush-placeholder-width: 1024px; --smush-placeholder-aspect-ratio: 1024\/576;\" \/><\/figure>\n\n\n\n<figure class=\"wp-block-image size-large\"><img decoding=\"async\" width=\"1024\" height=\"575\" data-attachment-id=\"117359\" data-permalink=\"https:\/\/eldiariodesanpedro.com.ar\/sitio\/inauguracion-del-nuevo-playon-deportivo-en-gobernador-castro\/whatsapp-image-2023-04-23-at-19-38-38-1\/\" data-orig-file=\"https:\/\/eldiariodesanpedro.com.ar\/sitio\/wp-content\/uploads\/2023\/04\/WhatsApp-Image-2023-04-23-at-19.38.38-1.jpeg\" data-orig-size=\"1121,630\" data-comments-opened=\"0\" data-image-meta=\"{&quot;aperture&quot;:&quot;0&quot;,&quot;credit&quot;:&quot;&quot;,&quot;camera&quot;:&quot;&quot;,&quot;caption&quot;:&quot;&quot;,&quot;created_timestamp&quot;:&quot;0&quot;,&quot;copyright&quot;:&quot;&quot;,&quot;focal_length&quot;:&quot;0&quot;,&quot;iso&quot;:&quot;0&quot;,&quot;shutter_speed&quot;:&quot;0&quot;,&quot;title&quot;:&quot;&quot;,&quot;orientation&quot;:&quot;0&quot;}\" data-image-title=\"WhatsApp Image 2023-04-23 at 19.38.38 (1)\" data-image-description=\"\" data-image-caption=\"\" data-large-file=\"https:\/\/eldiariodesanpedro.com.ar\/sitio\/wp-content\/uploads\/2023\/04\/WhatsApp-Image-2023-04-23-at-19.38.38-1-1024x575.jpeg\" data-src=\"https:\/\/eldiariodesanpedro.com.ar\/sitio\/wp-content\/uploads\/2023\/04\/WhatsApp-Image-2023-04-23-at-19.38.38-1-1024x575.jpeg\" alt=\"\" class=\"wp-image-117359 lazyload\" data-srcset=\"https:\/\/eldiariodesanpedro.com.ar\/sitio\/wp-content\/uploads\/2023\/04\/WhatsApp-Image-2023-04-23-at-19.38.38-1-1024x575.jpeg 1024w, https:\/\/eldiariodesanpedro.com.ar\/sitio\/wp-content\/uploads\/2023\/04\/WhatsApp-Image-2023-04-23-at-19.38.38-1-300x169.jpeg 300w, https:\/\/eldiariodesanpedro.com.ar\/sitio\/wp-content\/uploads\/2023\/04\/WhatsApp-Image-2023-04-23-at-19.38.38-1-768x432.jpeg 768w, https:\/\/eldiariodesanpedro.com.ar\/sitio\/wp-content\/uploads\/2023\/04\/WhatsApp-Image-2023-04-23-at-19.38.38-1.jpeg 1121w\" data-sizes=\"(max-width: 1024px) 100vw, 1024px\" src=\"data:image\/svg+xml;base64,PHN2ZyB3aWR0aD0iMSIgaGVpZ2h0PSIxIiB4bWxucz0iaHR0cDovL3d3dy53My5vcmcvMjAwMC9zdmciPjwvc3ZnPg==\" style=\"--smush-placeholder-width: 1024px; --smush-placeholder-aspect-ratio: 1024\/575;\" \/><\/figure>\n\n\n\n<figure class=\"wp-block-image size-large\"><img decoding=\"async\" width=\"1024\" height=\"576\" data-attachment-id=\"117361\" data-permalink=\"https:\/\/eldiariodesanpedro.com.ar\/sitio\/inauguracion-del-nuevo-playon-deportivo-en-gobernador-castro\/whatsapp-image-2023-04-23-at-19-38-40\/\" data-orig-file=\"https:\/\/eldiariodesanpedro.com.ar\/sitio\/wp-content\/uploads\/2023\/04\/WhatsApp-Image-2023-04-23-at-19.38.40.jpeg\" data-orig-size=\"1120,630\" data-comments-opened=\"0\" data-image-meta=\"{&quot;aperture&quot;:&quot;0&quot;,&quot;credit&quot;:&quot;&quot;,&quot;camera&quot;:&quot;&quot;,&quot;caption&quot;:&quot;&quot;,&quot;created_timestamp&quot;:&quot;0&quot;,&quot;copyright&quot;:&quot;&quot;,&quot;focal_length&quot;:&quot;0&quot;,&quot;iso&quot;:&quot;0&quot;,&quot;shutter_speed&quot;:&quot;0&quot;,&quot;title&quot;:&quot;&quot;,&quot;orientation&quot;:&quot;0&quot;}\" data-image-title=\"WhatsApp Image 2023-04-23 at 19.38.40\" data-image-description=\"\" data-image-caption=\"\" data-large-file=\"https:\/\/eldiariodesanpedro.com.ar\/sitio\/wp-content\/uploads\/2023\/04\/WhatsApp-Image-2023-04-23-at-19.38.40-1024x576.jpeg\" data-src=\"https:\/\/eldiariodesanpedro.com.ar\/sitio\/wp-content\/uploads\/2023\/04\/WhatsApp-Image-2023-04-23-at-19.38.40-1024x576.jpeg\" alt=\"\" class=\"wp-image-117361 lazyload\" data-srcset=\"https:\/\/eldiariodesanpedro.com.ar\/sitio\/wp-content\/uploads\/2023\/04\/WhatsApp-Image-2023-04-23-at-19.38.40-1024x576.jpeg 1024w, https:\/\/eldiariodesanpedro.com.ar\/sitio\/wp-content\/uploads\/2023\/04\/WhatsApp-Image-2023-04-23-at-19.38.40-300x169.jpeg 300w, https:\/\/eldiariodesanpedro.com.ar\/sitio\/wp-content\/uploads\/2023\/04\/WhatsApp-Image-2023-04-23-at-19.38.40-768x432.jpeg 768w, https:\/\/eldiariodesanpedro.com.ar\/sitio\/wp-content\/uploads\/2023\/04\/WhatsApp-Image-2023-04-23-at-19.38.40.jpeg 1120w\" data-sizes=\"(max-width: 1024px) 100vw, 1024px\" src=\"data:image\/svg+xml;base64,PHN2ZyB3aWR0aD0iMSIgaGVpZ2h0PSIxIiB4bWxucz0iaHR0cDovL3d3dy53My5vcmcvMjAwMC9zdmciPjwvc3ZnPg==\" style=\"--smush-placeholder-width: 1024px; --smush-placeholder-aspect-ratio: 1024\/576;\" \/><\/figure>\n","protected":false},"excerpt":{"rendered":"<p>En la tarde de este domingo, encabezado por el Intendente Cecilio Salazar, se llev\u00f3 cabo la inauguraci\u00f3n del nuevo Play\u00f3n Deportivo en Gobernador Castro. El evento cont\u00f3 con la participaci\u00f3n de integrantes del Gabinete Municipal, de vecinos y fundamentalmente de j\u00f3venes pertenecientes a las Escuelas Deportivas Municipales, quienes demostraron sus habilidades en diversas disciplinas. En [&hellip;]<\/p>\n","protected":false},"author":4,"featured_media":117362,"comment_status":"closed","ping_status":"closed","sticky":false,"template":"","format":"standard","meta":{"om_disable_all_campaigns":false,"_jetpack_memberships_contains_paid_content":false,"footnotes":""},"categories":[50,101,2],"tags":[197,696,33,19],"class_list":["post-117358","post","type-post","status-publish","format-standard","has-post-thumbnail","hentry","category-destacadas","category-interes-general-locales","category-locales","tag-buenos-aires","tag-interes-general","tag-locales","tag-san-pedro"],"aioseo_notices":[],"gutentor_comment":0,"jetpack_featured_media_url":"https:\/\/eldiariodesanpedro.com.ar\/sitio\/wp-content\/uploads\/2023\/04\/WhatsApp-Image-2023-04-23-at-19.38.41.jpeg","jetpack_shortlink":"https:\/\/wp.me\/p6RhLt-uwS","jetpack_sharing_enabled":true,"_links":{"self":[{"href":"https:\/\/eldiariodesanpedro.com.ar\/sitio\/wp-json\/wp\/v2\/posts\/117358","targetHints":{"allow":["GET"]}}],"collection":[{"href":"https:\/\/eldiariodesanpedro.com.ar\/sitio\/wp-json\/wp\/v2\/posts"}],"about":[{"href":"https:\/\/eldiariodesanpedro.com.ar\/sitio\/wp-json\/wp\/v2\/types\/post"}],"author":[{"embeddable":true,"href":"https:\/\/eldiariodesanpedro.com.ar\/sitio\/wp-json\/wp\/v2\/users\/4"}],"replies":[{"embeddable":true,"href":"https:\/\/eldiariodesanpedro.com.ar\/sitio\/wp-json\/wp\/v2\/comments?post=117358"}],"version-history":[{"count":1,"href":"https:\/\/eldiariodesanpedro.com.ar\/sitio\/wp-json\/wp\/v2\/posts\/117358\/revisions"}],"predecessor-version":[{"id":117363,"href":"https:\/\/eldiariodesanpedro.com.ar\/sitio\/wp-json\/wp\/v2\/posts\/117358\/revisions\/117363"}],"wp:featuredmedia":[{"embeddable":true,"href":"https:\/\/eldiariodesanpedro.com.ar\/sitio\/wp-json\/wp\/v2\/media\/117362"}],"wp:attachment":[{"href":"https:\/\/eldiariodesanpedro.com.ar\/sitio\/wp-json\/wp\/v2\/media?parent=117358"}],"wp:term":[{"taxonomy":"category","embeddable":true,"href":"https:\/\/eldiariodesanpedro.com.ar\/sitio\/wp-json\/wp\/v2\/categories?post=117358"},{"taxonomy":"post_tag","embeddable":true,"href":"https:\/\/eldiariodesanpedro.com.ar\/sitio\/wp-json\/wp\/v2\/tags?post=117358"}],"curies":[{"name":"wp","href":"https:\/\/api.w.org\/{rel}","templated":true}]}}