{"id":117343,"date":"2023-04-24T11:37:50","date_gmt":"2023-04-24T14:37:50","guid":{"rendered":"https:\/\/eldiariodesanpedro.com.ar\/sitio\/?p=117343"},"modified":"2023-04-24T11:37:52","modified_gmt":"2023-04-24T14:37:52","slug":"san-pedro-campeon-de-del-torneo-de-futbol-femenino-copa-igualdad","status":"publish","type":"post","link":"https:\/\/eldiariodesanpedro.com.ar\/sitio\/san-pedro-campeon-de-del-torneo-de-futbol-femenino-copa-igualdad\/","title":{"rendered":"San Pedro campe\u00f3n de del torneo de f\u00fatbol femenino Copa Igualdad"},"content":{"rendered":"<!-- VideographyWP Plugin Message: Automatic video embedding prevented by plugin options. -->\n\n<p>El seleccionado de f\u00fatbol femenino de San Pedro se consagr\u00f3 este s\u00e1bado campe\u00f3n de la Copa Igualdad para la Regi\u00f3n Segunda tras vencer a Salto, en la instancia de Semifinales; y Col\u00f3n, en el partido final.<br>El equipo convirti\u00f3 dos goles, uno por tiempo. Ayel\u00e9n Olmos fue quien abri\u00f3 el marcador, mientras que Ada C\u00e1ceres sell\u00f3 el definitivo 2 a 0 que consagr\u00f3 a las sampedrinas.<br>El seleccionado ahora participar\u00e1 de la instancia final de la Copa organizada por el Ministerio de las Mujeres, Pol\u00edticas de G\u00e9nero y Diversidad Sexual de la Provincia de Buenos Aires, que se disputar\u00e1 en Mar del Plata. Las sampedrinas competir\u00e1n contra el equipo ganador de la Regi\u00f3n Primera, que a\u00fan no tuvieron su instancia regional.<br>De la actividad participaron la Subsecretaria T\u00e9cnica, Administrativa y Legal del MMPDGYDS, Mercedes Castilla; el intendente Cecilio Salazar; el intendente de Carmen de Areco Iv\u00e1n Villagr\u00e1n; la Directora de la Regi\u00f3n Segunda del MMPDGYDS, Marcela Isarra; y la secretaria de Pol\u00edticas de G\u00e9nero, Mujeres y Diversidad de la Municipalidad de San Pedro, Laura Monfasani.<br>Tambi\u00e9n estuvieron presentes alentando al equipo sampedrino en el Estadio Municipal el secretario de Gobierno Mart\u00edn Baraybar; el secretario de Coordinaci\u00f3n Luciano Arias; la secretaria de Turismo y Cultura Mariela L\u00f3pez; el director de Deportes Mariano Arnal; el director de la Secretar\u00eda de Pol\u00edticas de G\u00e9nero, Mujeres y Diversidad, Lic. Pablo de Igarz\u00e1bal; el director de Parque Automotor Carlos Garc\u00eda, entre otros.<br>Lamentablemente durante el encuentro, y producto de un choque con la arquera rival, la sampedrina Manuela Epelde sufri\u00f3 una lesi\u00f3n y debi\u00f3 ser trasladada al Hospital, donde es asistida por profesionales m\u00e9dicos para evaluar la gravedad de la misma. Desde la Municipalidad de San Pedro hacemos llegar el deseo de pronta recuperaci\u00f3n.<br>El listado de las integrantes de la selecci\u00f3n y cuerpo t\u00e9cnico<br>Paj\u00f3n Aimar\u00e1 (Club Agricultores),<br>Arce Sasha (Club Banfield)<br>Castro Marisol (Club Banfield)<br>Epelde Manuela (Club Banfield)<br>Castro Milagros (Club Banfield)<br>Olmos Ayel\u00e9n (Club C. C\u00f3rdoba)<br>Chiorazo Milagros (Club La Esperanza)<br>C\u00e1ceres Ada (Club La Esperanza)<br>Guti\u00e9rrez Priscila (Club Am\u00e9rica)<br>Almada Catalina (Club Am\u00e9rica)<br>Fern\u00e1ndez Bel\u00e9n (Club Am\u00e9rica)<br>Rodr\u00edguez Juliana (Club La Roca)<br>Tjorik D\u00e9bora (Club Las Palmeras)<br>Costa Cecilia (Club Mitre),<br>Tjorik Mayra (Defensores Unidos)<br>Gim\u00e9nez Adnara (Club Paran\u00e1)<br>Alc\u00e1ntara Priscila (Club Paran\u00e1)<br>\u00c1lvarez Florencia(Club Paran\u00e1)<br>Gauna Angeles (Club Paran\u00e1)<br>Balladares Juliana (Club Independencia)<br>Director T\u00e9cnico: Almada Guillermo<br>Ayudante de Campo: Delgado Pablo<br>Preparadora F\u00edsica: Schvindt Milagros<\/p>\n\n\n\n<figure class=\"wp-block-image size-large\"><img decoding=\"async\" width=\"1024\" height=\"615\" data-attachment-id=\"117344\" data-permalink=\"https:\/\/eldiariodesanpedro.com.ar\/sitio\/san-pedro-campeon-de-del-torneo-de-futbol-femenino-copa-igualdad\/whatsapp-image-2023-04-22-at-19-43-14\/\" data-orig-file=\"https:\/\/eldiariodesanpedro.com.ar\/sitio\/wp-content\/uploads\/2023\/04\/WhatsApp-Image-2023-04-22-at-19.43.14.jpeg\" data-orig-size=\"1049,630\" data-comments-opened=\"0\" data-image-meta=\"{&quot;aperture&quot;:&quot;0&quot;,&quot;credit&quot;:&quot;&quot;,&quot;camera&quot;:&quot;&quot;,&quot;caption&quot;:&quot;&quot;,&quot;created_timestamp&quot;:&quot;0&quot;,&quot;copyright&quot;:&quot;&quot;,&quot;focal_length&quot;:&quot;0&quot;,&quot;iso&quot;:&quot;0&quot;,&quot;shutter_speed&quot;:&quot;0&quot;,&quot;title&quot;:&quot;&quot;,&quot;orientation&quot;:&quot;0&quot;}\" data-image-title=\"WhatsApp Image 2023-04-22 at 19.43.14\" data-image-description=\"\" data-image-caption=\"\" data-large-file=\"https:\/\/eldiariodesanpedro.com.ar\/sitio\/wp-content\/uploads\/2023\/04\/WhatsApp-Image-2023-04-22-at-19.43.14-1024x615.jpeg\" data-src=\"https:\/\/eldiariodesanpedro.com.ar\/sitio\/wp-content\/uploads\/2023\/04\/WhatsApp-Image-2023-04-22-at-19.43.14-1024x615.jpeg\" alt=\"\" class=\"wp-image-117344 lazyload\" data-srcset=\"https:\/\/eldiariodesanpedro.com.ar\/sitio\/wp-content\/uploads\/2023\/04\/WhatsApp-Image-2023-04-22-at-19.43.14-1024x615.jpeg 1024w, https:\/\/eldiariodesanpedro.com.ar\/sitio\/wp-content\/uploads\/2023\/04\/WhatsApp-Image-2023-04-22-at-19.43.14-300x180.jpeg 300w, https:\/\/eldiariodesanpedro.com.ar\/sitio\/wp-content\/uploads\/2023\/04\/WhatsApp-Image-2023-04-22-at-19.43.14-768x461.jpeg 768w, https:\/\/eldiariodesanpedro.com.ar\/sitio\/wp-content\/uploads\/2023\/04\/WhatsApp-Image-2023-04-22-at-19.43.14.jpeg 1049w\" data-sizes=\"(max-width: 1024px) 100vw, 1024px\" src=\"data:image\/svg+xml;base64,PHN2ZyB3aWR0aD0iMSIgaGVpZ2h0PSIxIiB4bWxucz0iaHR0cDovL3d3dy53My5vcmcvMjAwMC9zdmciPjwvc3ZnPg==\" style=\"--smush-placeholder-width: 1024px; --smush-placeholder-aspect-ratio: 1024\/615;\" \/><\/figure>\n\n\n\n<figure class=\"wp-block-image size-full\"><img decoding=\"async\" width=\"926\" height=\"630\" data-attachment-id=\"117346\" data-permalink=\"https:\/\/eldiariodesanpedro.com.ar\/sitio\/san-pedro-campeon-de-del-torneo-de-futbol-femenino-copa-igualdad\/whatsapp-image-2023-04-22-at-19-43-17\/\" data-orig-file=\"https:\/\/eldiariodesanpedro.com.ar\/sitio\/wp-content\/uploads\/2023\/04\/WhatsApp-Image-2023-04-22-at-19.43.17.jpeg\" data-orig-size=\"926,630\" data-comments-opened=\"0\" data-image-meta=\"{&quot;aperture&quot;:&quot;0&quot;,&quot;credit&quot;:&quot;&quot;,&quot;camera&quot;:&quot;&quot;,&quot;caption&quot;:&quot;&quot;,&quot;created_timestamp&quot;:&quot;0&quot;,&quot;copyright&quot;:&quot;&quot;,&quot;focal_length&quot;:&quot;0&quot;,&quot;iso&quot;:&quot;0&quot;,&quot;shutter_speed&quot;:&quot;0&quot;,&quot;title&quot;:&quot;&quot;,&quot;orientation&quot;:&quot;0&quot;}\" data-image-title=\"WhatsApp Image 2023-04-22 at 19.43.17\" data-image-description=\"\" data-image-caption=\"\" data-large-file=\"https:\/\/eldiariodesanpedro.com.ar\/sitio\/wp-content\/uploads\/2023\/04\/WhatsApp-Image-2023-04-22-at-19.43.17.jpeg\" data-src=\"https:\/\/eldiariodesanpedro.com.ar\/sitio\/wp-content\/uploads\/2023\/04\/WhatsApp-Image-2023-04-22-at-19.43.17.jpeg\" alt=\"\" class=\"wp-image-117346 lazyload\" data-srcset=\"https:\/\/eldiariodesanpedro.com.ar\/sitio\/wp-content\/uploads\/2023\/04\/WhatsApp-Image-2023-04-22-at-19.43.17.jpeg 926w, https:\/\/eldiariodesanpedro.com.ar\/sitio\/wp-content\/uploads\/2023\/04\/WhatsApp-Image-2023-04-22-at-19.43.17-300x204.jpeg 300w, https:\/\/eldiariodesanpedro.com.ar\/sitio\/wp-content\/uploads\/2023\/04\/WhatsApp-Image-2023-04-22-at-19.43.17-768x523.jpeg 768w, https:\/\/eldiariodesanpedro.com.ar\/sitio\/wp-content\/uploads\/2023\/04\/WhatsApp-Image-2023-04-22-at-19.43.17-305x207.jpeg 305w\" data-sizes=\"(max-width: 926px) 100vw, 926px\" src=\"data:image\/svg+xml;base64,PHN2ZyB3aWR0aD0iMSIgaGVpZ2h0PSIxIiB4bWxucz0iaHR0cDovL3d3dy53My5vcmcvMjAwMC9zdmciPjwvc3ZnPg==\" style=\"--smush-placeholder-width: 926px; --smush-placeholder-aspect-ratio: 926\/630;\" \/><\/figure>\n\n\n\n<figure class=\"wp-block-image size-large\"><img decoding=\"async\" width=\"1024\" height=\"598\" data-attachment-id=\"117348\" data-permalink=\"https:\/\/eldiariodesanpedro.com.ar\/sitio\/san-pedro-campeon-de-del-torneo-de-futbol-femenino-copa-igualdad\/whatsapp-image-2023-04-22-at-19-43-22\/\" data-orig-file=\"https:\/\/eldiariodesanpedro.com.ar\/sitio\/wp-content\/uploads\/2023\/04\/WhatsApp-Image-2023-04-22-at-19.43.22.jpeg\" data-orig-size=\"1079,630\" data-comments-opened=\"0\" data-image-meta=\"{&quot;aperture&quot;:&quot;0&quot;,&quot;credit&quot;:&quot;&quot;,&quot;camera&quot;:&quot;&quot;,&quot;caption&quot;:&quot;&quot;,&quot;created_timestamp&quot;:&quot;0&quot;,&quot;copyright&quot;:&quot;&quot;,&quot;focal_length&quot;:&quot;0&quot;,&quot;iso&quot;:&quot;0&quot;,&quot;shutter_speed&quot;:&quot;0&quot;,&quot;title&quot;:&quot;&quot;,&quot;orientation&quot;:&quot;0&quot;}\" data-image-title=\"WhatsApp Image 2023-04-22 at 19.43.22\" data-image-description=\"\" data-image-caption=\"\" data-large-file=\"https:\/\/eldiariodesanpedro.com.ar\/sitio\/wp-content\/uploads\/2023\/04\/WhatsApp-Image-2023-04-22-at-19.43.22-1024x598.jpeg\" data-src=\"https:\/\/eldiariodesanpedro.com.ar\/sitio\/wp-content\/uploads\/2023\/04\/WhatsApp-Image-2023-04-22-at-19.43.22-1024x598.jpeg\" alt=\"\" class=\"wp-image-117348 lazyload\" data-srcset=\"https:\/\/eldiariodesanpedro.com.ar\/sitio\/wp-content\/uploads\/2023\/04\/WhatsApp-Image-2023-04-22-at-19.43.22-1024x598.jpeg 1024w, https:\/\/eldiariodesanpedro.com.ar\/sitio\/wp-content\/uploads\/2023\/04\/WhatsApp-Image-2023-04-22-at-19.43.22-300x175.jpeg 300w, https:\/\/eldiariodesanpedro.com.ar\/sitio\/wp-content\/uploads\/2023\/04\/WhatsApp-Image-2023-04-22-at-19.43.22-768x448.jpeg 768w, https:\/\/eldiariodesanpedro.com.ar\/sitio\/wp-content\/uploads\/2023\/04\/WhatsApp-Image-2023-04-22-at-19.43.22.jpeg 1079w\" data-sizes=\"(max-width: 1024px) 100vw, 1024px\" src=\"data:image\/svg+xml;base64,PHN2ZyB3aWR0aD0iMSIgaGVpZ2h0PSIxIiB4bWxucz0iaHR0cDovL3d3dy53My5vcmcvMjAwMC9zdmciPjwvc3ZnPg==\" style=\"--smush-placeholder-width: 1024px; --smush-placeholder-aspect-ratio: 1024\/598;\" \/><\/figure>\n\n\n\n<figure class=\"wp-block-image size-full\"><img decoding=\"async\" width=\"1000\" height=\"630\" data-attachment-id=\"117350\" data-permalink=\"https:\/\/eldiariodesanpedro.com.ar\/sitio\/san-pedro-campeon-de-del-torneo-de-futbol-femenino-copa-igualdad\/whatsapp-image-2023-04-22-at-19-43-24\/\" data-orig-file=\"https:\/\/eldiariodesanpedro.com.ar\/sitio\/wp-content\/uploads\/2023\/04\/WhatsApp-Image-2023-04-22-at-19.43.24.jpeg\" data-orig-size=\"1000,630\" data-comments-opened=\"0\" data-image-meta=\"{&quot;aperture&quot;:&quot;0&quot;,&quot;credit&quot;:&quot;&quot;,&quot;camera&quot;:&quot;&quot;,&quot;caption&quot;:&quot;&quot;,&quot;created_timestamp&quot;:&quot;0&quot;,&quot;copyright&quot;:&quot;&quot;,&quot;focal_length&quot;:&quot;0&quot;,&quot;iso&quot;:&quot;0&quot;,&quot;shutter_speed&quot;:&quot;0&quot;,&quot;title&quot;:&quot;&quot;,&quot;orientation&quot;:&quot;0&quot;}\" data-image-title=\"WhatsApp Image 2023-04-22 at 19.43.24\" data-image-description=\"\" data-image-caption=\"\" data-large-file=\"https:\/\/eldiariodesanpedro.com.ar\/sitio\/wp-content\/uploads\/2023\/04\/WhatsApp-Image-2023-04-22-at-19.43.24.jpeg\" data-src=\"https:\/\/eldiariodesanpedro.com.ar\/sitio\/wp-content\/uploads\/2023\/04\/WhatsApp-Image-2023-04-22-at-19.43.24.jpeg\" alt=\"\" class=\"wp-image-117350 lazyload\" data-srcset=\"https:\/\/eldiariodesanpedro.com.ar\/sitio\/wp-content\/uploads\/2023\/04\/WhatsApp-Image-2023-04-22-at-19.43.24.jpeg 1000w, https:\/\/eldiariodesanpedro.com.ar\/sitio\/wp-content\/uploads\/2023\/04\/WhatsApp-Image-2023-04-22-at-19.43.24-300x189.jpeg 300w, https:\/\/eldiariodesanpedro.com.ar\/sitio\/wp-content\/uploads\/2023\/04\/WhatsApp-Image-2023-04-22-at-19.43.24-768x484.jpeg 768w, https:\/\/eldiariodesanpedro.com.ar\/sitio\/wp-content\/uploads\/2023\/04\/WhatsApp-Image-2023-04-22-at-19.43.24-345x218.jpeg 345w, https:\/\/eldiariodesanpedro.com.ar\/sitio\/wp-content\/uploads\/2023\/04\/WhatsApp-Image-2023-04-22-at-19.43.24-700x441.jpeg 700w\" data-sizes=\"(max-width: 1000px) 100vw, 1000px\" src=\"data:image\/svg+xml;base64,PHN2ZyB3aWR0aD0iMSIgaGVpZ2h0PSIxIiB4bWxucz0iaHR0cDovL3d3dy53My5vcmcvMjAwMC9zdmciPjwvc3ZnPg==\" style=\"--smush-placeholder-width: 1000px; --smush-placeholder-aspect-ratio: 1000\/630;\" \/><\/figure>\n","protected":false},"excerpt":{"rendered":"<p>El seleccionado de f\u00fatbol femenino de San Pedro se consagr\u00f3 este s\u00e1bado campe\u00f3n de la Copa Igualdad para la Regi\u00f3n Segunda tras vencer a Salto, en la instancia de Semifinales; y Col\u00f3n, en el partido final.El equipo convirti\u00f3 dos goles, uno por tiempo. Ayel\u00e9n Olmos fue quien abri\u00f3 el marcador, mientras que Ada C\u00e1ceres sell\u00f3 [&hellip;]<\/p>\n","protected":false},"author":4,"featured_media":117345,"comment_status":"closed","ping_status":"closed","sticky":false,"template":"","format":"standard","meta":{"om_disable_all_campaigns":false,"_jetpack_memberships_contains_paid_content":false,"footnotes":""},"categories":[50,101,2],"tags":[197,696,33,19],"class_list":["post-117343","post","type-post","status-publish","format-standard","has-post-thumbnail","hentry","category-destacadas","category-interes-general-locales","category-locales","tag-buenos-aires","tag-interes-general","tag-locales","tag-san-pedro"],"aioseo_notices":[],"gutentor_comment":0,"jetpack_featured_media_url":"https:\/\/eldiariodesanpedro.com.ar\/sitio\/wp-content\/uploads\/2023\/04\/WhatsApp-Image-2023-04-22-at-19.43.15.jpeg","jetpack_shortlink":"https:\/\/wp.me\/p6RhLt-uwD","jetpack_sharing_enabled":true,"_links":{"self":[{"href":"https:\/\/eldiariodesanpedro.com.ar\/sitio\/wp-json\/wp\/v2\/posts\/117343","targetHints":{"allow":["GET"]}}],"collection":[{"href":"https:\/\/eldiariodesanpedro.com.ar\/sitio\/wp-json\/wp\/v2\/posts"}],"about":[{"href":"https:\/\/eldiariodesanpedro.com.ar\/sitio\/wp-json\/wp\/v2\/types\/post"}],"author":[{"embeddable":true,"href":"https:\/\/eldiariodesanpedro.com.ar\/sitio\/wp-json\/wp\/v2\/users\/4"}],"replies":[{"embeddable":true,"href":"https:\/\/eldiariodesanpedro.com.ar\/sitio\/wp-json\/wp\/v2\/comments?post=117343"}],"version-history":[{"count":1,"href":"https:\/\/eldiariodesanpedro.com.ar\/sitio\/wp-json\/wp\/v2\/posts\/117343\/revisions"}],"predecessor-version":[{"id":117351,"href":"https:\/\/eldiariodesanpedro.com.ar\/sitio\/wp-json\/wp\/v2\/posts\/117343\/revisions\/117351"}],"wp:featuredmedia":[{"embeddable":true,"href":"https:\/\/eldiariodesanpedro.com.ar\/sitio\/wp-json\/wp\/v2\/media\/117345"}],"wp:attachment":[{"href":"https:\/\/eldiariodesanpedro.com.ar\/sitio\/wp-json\/wp\/v2\/media?parent=117343"}],"wp:term":[{"taxonomy":"category","embeddable":true,"href":"https:\/\/eldiariodesanpedro.com.ar\/sitio\/wp-json\/wp\/v2\/categories?post=117343"},{"taxonomy":"post_tag","embeddable":true,"href":"https:\/\/eldiariodesanpedro.com.ar\/sitio\/wp-json\/wp\/v2\/tags?post=117343"}],"curies":[{"name":"wp","href":"https:\/\/api.w.org\/{rel}","templated":true}]}}