{"id":117337,"date":"2023-04-24T11:05:05","date_gmt":"2023-04-24T14:05:05","guid":{"rendered":"https:\/\/eldiariodesanpedro.com.ar\/sitio\/?p=117337"},"modified":"2023-04-24T11:33:27","modified_gmt":"2023-04-24T14:33:27","slug":"el-grupo-conservacionista-recupera-medalla-de-126-anos","status":"publish","type":"post","link":"https:\/\/eldiariodesanpedro.com.ar\/sitio\/el-grupo-conservacionista-recupera-medalla-de-126-anos\/","title":{"rendered":"El Grupo Conservacionista recupera medalla de 126 a\u00f1os"},"content":{"rendered":"<!-- VideographyWP Plugin Message: Automatic video embedding prevented by plugin options. -->\n\n<p>El&nbsp;<strong>Grupo Conservacionista<\/strong>&nbsp;acaba de recuperar una medalla conmemorativa del momento en que se coloc\u00f3 la piedra fundamental del primer hospital de San Pedro.<\/p>\n\n\n\n<p>La pieza met\u00e1lica estaba a la venta en Mercado Libre, la p\u00e1gina m\u00e1s popular de compra venta de art\u00edculos de toda \u00edndole y fue detectada y adquirida por el grupo del Museo Paleontol\u00f3gico de San Pedro.<\/p>\n\n\n\n<p>La medalla, de unos&nbsp;<strong>2,7 cent\u00edmetros de di\u00e1metro<\/strong>&nbsp;y de forma&nbsp;<strong>octogonal<\/strong>, est\u00e1 perfectamente conservada. En el anverso presenta la imagen del antiguo edificio del hospital que funcion\u00f3 en el predio de cuatro manzana, entre calles Belgrano y Mitre, sobre Aul\u00ed; mientras en el reverso, se lee la leyenda \u201c<strong>Bendici\u00f3n de la piedra fundamental del hospital. Sociedad Hermanas de los Pobres. San Pedro. 10 de Octubre de 1897<\/strong>\u201d<\/p>\n\n\n\n<p>Estas medallas fueron distribuidas durante el acto de colocaci\u00f3n de la piedra fundamental de la futura instituci\u00f3n de salud, un proyecto impulsado por diversas damas de la sociedad sampedrina de aquellos a\u00f1os, con participaci\u00f3n de diferentes empresarios, personalidades de la \u00e9poca, el Municipio y el Ministerio de Obras P\u00fablicas de la Provincia. Entre todos, reunieron los fondos necesarios para esa importante obra vinculada a la salud de nuestro partido.<\/p>\n\n\n\n<p>La medalla recuperada, de&nbsp;<strong>126 a\u00f1os de antig\u00fcedad<\/strong>, hab\u00eda sido&nbsp;subida&nbsp;para su comercializaci\u00f3n por un vendedor en la zona de La Matanza, en Gran Buenos Aires. La publicaci\u00f3n fue vista por el grupo del museo, quienes no tardaron en intentar recuperar la pieza para el acervo hist\u00f3rico de la ciudad.<\/p>\n","protected":false},"excerpt":{"rendered":"<p>El&nbsp;Grupo Conservacionista&nbsp;acaba de recuperar una medalla conmemorativa del momento en que se coloc\u00f3 la piedra fundamental del primer hospital de San Pedro. La pieza met\u00e1lica estaba a la venta en Mercado Libre, la p\u00e1gina m\u00e1s popular de compra venta de art\u00edculos de toda \u00edndole y fue detectada y adquirida por el grupo del Museo Paleontol\u00f3gico [&hellip;]<\/p>\n","protected":false},"author":4,"featured_media":117339,"comment_status":"closed","ping_status":"closed","sticky":false,"template":"","format":"standard","meta":{"om_disable_all_campaigns":false,"_jetpack_memberships_contains_paid_content":false,"footnotes":""},"categories":[50,101,2],"tags":[197,3578,696,33,19],"class_list":["post-117337","post","type-post","status-publish","format-standard","has-post-thumbnail","hentry","category-destacadas","category-interes-general-locales","category-locales","tag-buenos-aires","tag-el-grupo-conservacionista-recupera-medalla-de-126-anos","tag-interes-general","tag-locales","tag-san-pedro"],"aioseo_notices":[],"gutentor_comment":0,"jetpack_featured_media_url":"https:\/\/eldiariodesanpedro.com.ar\/sitio\/wp-content\/uploads\/2023\/04\/IMG_20230418_190304799_2.jpg","jetpack_shortlink":"https:\/\/wp.me\/p6RhLt-uwx","jetpack_sharing_enabled":true,"_links":{"self":[{"href":"https:\/\/eldiariodesanpedro.com.ar\/sitio\/wp-json\/wp\/v2\/posts\/117337","targetHints":{"allow":["GET"]}}],"collection":[{"href":"https:\/\/eldiariodesanpedro.com.ar\/sitio\/wp-json\/wp\/v2\/posts"}],"about":[{"href":"https:\/\/eldiariodesanpedro.com.ar\/sitio\/wp-json\/wp\/v2\/types\/post"}],"author":[{"embeddable":true,"href":"https:\/\/eldiariodesanpedro.com.ar\/sitio\/wp-json\/wp\/v2\/users\/4"}],"replies":[{"embeddable":true,"href":"https:\/\/eldiariodesanpedro.com.ar\/sitio\/wp-json\/wp\/v2\/comments?post=117337"}],"version-history":[{"count":2,"href":"https:\/\/eldiariodesanpedro.com.ar\/sitio\/wp-json\/wp\/v2\/posts\/117337\/revisions"}],"predecessor-version":[{"id":117341,"href":"https:\/\/eldiariodesanpedro.com.ar\/sitio\/wp-json\/wp\/v2\/posts\/117337\/revisions\/117341"}],"wp:featuredmedia":[{"embeddable":true,"href":"https:\/\/eldiariodesanpedro.com.ar\/sitio\/wp-json\/wp\/v2\/media\/117339"}],"wp:attachment":[{"href":"https:\/\/eldiariodesanpedro.com.ar\/sitio\/wp-json\/wp\/v2\/media?parent=117337"}],"wp:term":[{"taxonomy":"category","embeddable":true,"href":"https:\/\/eldiariodesanpedro.com.ar\/sitio\/wp-json\/wp\/v2\/categories?post=117337"},{"taxonomy":"post_tag","embeddable":true,"href":"https:\/\/eldiariodesanpedro.com.ar\/sitio\/wp-json\/wp\/v2\/tags?post=117337"}],"curies":[{"name":"wp","href":"https:\/\/api.w.org\/{rel}","templated":true}]}}