{"id":117333,"date":"2023-04-24T10:28:57","date_gmt":"2023-04-24T13:28:57","guid":{"rendered":"https:\/\/eldiariodesanpedro.com.ar\/sitio\/?p=117333"},"modified":"2023-04-24T10:28:59","modified_gmt":"2023-04-24T13:28:59","slug":"oftalmologos-del-circulo-medico-realizaron-148-examenes-de-deteccion-de-glaucoma","status":"publish","type":"post","link":"https:\/\/eldiariodesanpedro.com.ar\/sitio\/oftalmologos-del-circulo-medico-realizaron-148-examenes-de-deteccion-de-glaucoma\/","title":{"rendered":"Oftalm\u00f3logos del C\u00edrculo M\u00e9dico realizaron 148 ex\u00e1menes de detecci\u00f3n de glaucoma"},"content":{"rendered":"<!-- VideographyWP Plugin Message: Automatic video embedding prevented by plugin options. -->\n\n<p>El C\u00edrculo M\u00e9dico informa que se concret\u00f3 el viernes en San Pedro la jornada de adhesi\u00f3n a la Campa\u00f1a Nacional de Detecci\u00f3n del Glaucoma, impulsada por el Consejo Argentino de Oftalmolog\u00eda.<\/p>\n\n\n\n<p>En San Pedro se realizaron en tres locaciones diferentes, a cargo de los profesionales Dr. Martin Orso, Dr. Jorge Marcellac y Dr. Andr\u00e9s Clemente.<\/p>\n\n\n\n<p>Entre los tres realizaron 148 controles durante toda la jornada que ha permitido ofrecer estudios preventivos muy importantes para un diagn\u00f3stico temprano.<\/p>\n\n\n\n<p>La campa\u00f1a, dirigida a la poblaci\u00f3n general sin l\u00edmite de edad, fue totalmente gratuita con control de presi\u00f3n intraocular y ex\u00e1menes de la papila del nervio \u00f3ptico.<\/p>\n\n\n\n<p>Estos ex\u00e1menes son recomendables durante todo el a\u00f1o porque permiten detectar personas con alteraciones compatibles con glaucoma y sugerirles la consulta a un oftalm\u00f3logo o a su m\u00e9dico de cabecera para un posterior tratamiento.<\/p>\n\n\n\n<p>El glaucoma es una enfermedad de los ojos que genera da\u00f1os irreversibles en la vista y puede ser peligrosa ya que no suele presentar s\u00edntomas en sus comienzos. Por esta raz\u00f3n, se lo suele llamar \u201cel ladr\u00f3n sigiloso de la visi\u00f3n\u201d. Sin embargo, con un diagn\u00f3stico oportuno y un tratamiento adecuado, la gran mayor\u00eda de los pacientes con glaucoma conserva su visi\u00f3n.<\/p>\n\n\n\n<p>Agradecemos a todos los que han participado en esta importante campa\u00f1a y a los medios que replicaron esta convocatoria.<\/p>\n\n\n\n<p>Los invitamos a estar atentos a las pr\u00f3ximas actividades que el C\u00edrculo M\u00e9dico de San Pedro tiene previstas para la comunidad.<\/p>\n\n\n\n<figure class=\"wp-block-image size-full\"><img decoding=\"async\" width=\"666\" height=\"630\" data-attachment-id=\"117335\" data-permalink=\"https:\/\/eldiariodesanpedro.com.ar\/sitio\/oftalmologos-del-circulo-medico-realizaron-148-examenes-de-deteccion-de-glaucoma\/ofta2023-1\/\" data-orig-file=\"https:\/\/eldiariodesanpedro.com.ar\/sitio\/wp-content\/uploads\/2023\/04\/ofta2023-1.jpeg\" data-orig-size=\"666,630\" data-comments-opened=\"0\" data-image-meta=\"{&quot;aperture&quot;:&quot;0&quot;,&quot;credit&quot;:&quot;&quot;,&quot;camera&quot;:&quot;&quot;,&quot;caption&quot;:&quot;&quot;,&quot;created_timestamp&quot;:&quot;0&quot;,&quot;copyright&quot;:&quot;&quot;,&quot;focal_length&quot;:&quot;0&quot;,&quot;iso&quot;:&quot;0&quot;,&quot;shutter_speed&quot;:&quot;0&quot;,&quot;title&quot;:&quot;&quot;,&quot;orientation&quot;:&quot;0&quot;}\" data-image-title=\"ofta2023 (1)\" data-image-description=\"\" data-image-caption=\"\" data-large-file=\"https:\/\/eldiariodesanpedro.com.ar\/sitio\/wp-content\/uploads\/2023\/04\/ofta2023-1.jpeg\" data-src=\"https:\/\/eldiariodesanpedro.com.ar\/sitio\/wp-content\/uploads\/2023\/04\/ofta2023-1.jpeg\" alt=\"\" class=\"wp-image-117335 lazyload\" data-srcset=\"https:\/\/eldiariodesanpedro.com.ar\/sitio\/wp-content\/uploads\/2023\/04\/ofta2023-1.jpeg 666w, https:\/\/eldiariodesanpedro.com.ar\/sitio\/wp-content\/uploads\/2023\/04\/ofta2023-1-300x284.jpeg 300w\" data-sizes=\"(max-width: 666px) 100vw, 666px\" src=\"data:image\/svg+xml;base64,PHN2ZyB3aWR0aD0iMSIgaGVpZ2h0PSIxIiB4bWxucz0iaHR0cDovL3d3dy53My5vcmcvMjAwMC9zdmciPjwvc3ZnPg==\" style=\"--smush-placeholder-width: 666px; --smush-placeholder-aspect-ratio: 666\/630;\" \/><\/figure>\n","protected":false},"excerpt":{"rendered":"<p>El C\u00edrculo M\u00e9dico informa que se concret\u00f3 el viernes en San Pedro la jornada de adhesi\u00f3n a la Campa\u00f1a Nacional de Detecci\u00f3n del Glaucoma, impulsada por el Consejo Argentino de Oftalmolog\u00eda. En San Pedro se realizaron en tres locaciones diferentes, a cargo de los profesionales Dr. Martin Orso, Dr. Jorge Marcellac y Dr. Andr\u00e9s Clemente. [&hellip;]<\/p>\n","protected":false},"author":4,"featured_media":117334,"comment_status":"closed","ping_status":"closed","sticky":false,"template":"","format":"standard","meta":{"om_disable_all_campaigns":false,"_jetpack_memberships_contains_paid_content":false,"footnotes":""},"categories":[101,2],"tags":[197,696,33,19],"class_list":["post-117333","post","type-post","status-publish","format-standard","has-post-thumbnail","hentry","category-interes-general-locales","category-locales","tag-buenos-aires","tag-interes-general","tag-locales","tag-san-pedro"],"aioseo_notices":[],"gutentor_comment":0,"jetpack_featured_media_url":"https:\/\/eldiariodesanpedro.com.ar\/sitio\/wp-content\/uploads\/2023\/04\/medida-1.png","jetpack_shortlink":"https:\/\/wp.me\/p6RhLt-uwt","jetpack_sharing_enabled":true,"_links":{"self":[{"href":"https:\/\/eldiariodesanpedro.com.ar\/sitio\/wp-json\/wp\/v2\/posts\/117333","targetHints":{"allow":["GET"]}}],"collection":[{"href":"https:\/\/eldiariodesanpedro.com.ar\/sitio\/wp-json\/wp\/v2\/posts"}],"about":[{"href":"https:\/\/eldiariodesanpedro.com.ar\/sitio\/wp-json\/wp\/v2\/types\/post"}],"author":[{"embeddable":true,"href":"https:\/\/eldiariodesanpedro.com.ar\/sitio\/wp-json\/wp\/v2\/users\/4"}],"replies":[{"embeddable":true,"href":"https:\/\/eldiariodesanpedro.com.ar\/sitio\/wp-json\/wp\/v2\/comments?post=117333"}],"version-history":[{"count":1,"href":"https:\/\/eldiariodesanpedro.com.ar\/sitio\/wp-json\/wp\/v2\/posts\/117333\/revisions"}],"predecessor-version":[{"id":117336,"href":"https:\/\/eldiariodesanpedro.com.ar\/sitio\/wp-json\/wp\/v2\/posts\/117333\/revisions\/117336"}],"wp:featuredmedia":[{"embeddable":true,"href":"https:\/\/eldiariodesanpedro.com.ar\/sitio\/wp-json\/wp\/v2\/media\/117334"}],"wp:attachment":[{"href":"https:\/\/eldiariodesanpedro.com.ar\/sitio\/wp-json\/wp\/v2\/media?parent=117333"}],"wp:term":[{"taxonomy":"category","embeddable":true,"href":"https:\/\/eldiariodesanpedro.com.ar\/sitio\/wp-json\/wp\/v2\/categories?post=117333"},{"taxonomy":"post_tag","embeddable":true,"href":"https:\/\/eldiariodesanpedro.com.ar\/sitio\/wp-json\/wp\/v2\/tags?post=117333"}],"curies":[{"name":"wp","href":"https:\/\/api.w.org\/{rel}","templated":true}]}}