{"id":117329,"date":"2023-04-21T19:51:39","date_gmt":"2023-04-21T22:51:39","guid":{"rendered":"https:\/\/eldiariodesanpedro.com.ar\/sitio\/?p=117329"},"modified":"2023-04-21T19:51:41","modified_gmt":"2023-04-21T22:51:41","slug":"renuncio-el-director-de-transito-angel-burgos","status":"publish","type":"post","link":"https:\/\/eldiariodesanpedro.com.ar\/sitio\/renuncio-el-director-de-transito-angel-burgos\/","title":{"rendered":"Renunci\u00f3 el Director de Transito \u00c1ngel Burgos"},"content":{"rendered":"<!-- VideographyWP Plugin Message: Automatic video embedding prevented by plugin options. -->\n\n<p>En horas de la tarde de hoy, se dio a conocer la renuncia del actual Director de Tr\u00e1nsito y Nocturnidad, generando una gran sorpresa en la comunidad. Aunque la noticia es muy reciente y ha tomado relevancia en la tarde noche de hoy, a\u00fan no se ha definido qui\u00e9n podr\u00eda ser el sucesor en el cargo.<\/p>\n\n\n\n<p>La dimisi\u00f3n del funcionario ha generado un gran revuelo en la opini\u00f3n p\u00fablica, y se espera que en los pr\u00f3ximos d\u00edas se brinden m\u00e1s detalles sobre las razones de su renuncia y se comience a especular acerca de posibles candidatos para ocupar el puesto.<\/p>\n","protected":false},"excerpt":{"rendered":"<p>En horas de la tarde de hoy, se dio a conocer la renuncia del actual Director de Tr\u00e1nsito y Nocturnidad, generando una gran sorpresa en la comunidad. Aunque la noticia es muy reciente y ha tomado relevancia en la tarde noche de hoy, a\u00fan no se ha definido qui\u00e9n podr\u00eda ser el sucesor en el [&hellip;]<\/p>\n","protected":false},"author":4,"featured_media":104072,"comment_status":"closed","ping_status":"closed","sticky":false,"template":"","format":"standard","meta":{"om_disable_all_campaigns":false,"_jetpack_memberships_contains_paid_content":false,"footnotes":""},"categories":[50,101,2],"tags":[197,696,33,3577,19],"class_list":["post-117329","post","type-post","status-publish","format-standard","has-post-thumbnail","hentry","category-destacadas","category-interes-general-locales","category-locales","tag-buenos-aires","tag-interes-general","tag-locales","tag-renuncio-el-director-de-transito-angel-burgos","tag-san-pedro"],"aioseo_notices":[],"gutentor_comment":0,"jetpack_featured_media_url":"https:\/\/eldiariodesanpedro.com.ar\/sitio\/wp-content\/uploads\/2022\/02\/angel-burgos-800x445-1.jpg","jetpack_shortlink":"https:\/\/wp.me\/p6RhLt-uwp","jetpack_sharing_enabled":true,"_links":{"self":[{"href":"https:\/\/eldiariodesanpedro.com.ar\/sitio\/wp-json\/wp\/v2\/posts\/117329","targetHints":{"allow":["GET"]}}],"collection":[{"href":"https:\/\/eldiariodesanpedro.com.ar\/sitio\/wp-json\/wp\/v2\/posts"}],"about":[{"href":"https:\/\/eldiariodesanpedro.com.ar\/sitio\/wp-json\/wp\/v2\/types\/post"}],"author":[{"embeddable":true,"href":"https:\/\/eldiariodesanpedro.com.ar\/sitio\/wp-json\/wp\/v2\/users\/4"}],"replies":[{"embeddable":true,"href":"https:\/\/eldiariodesanpedro.com.ar\/sitio\/wp-json\/wp\/v2\/comments?post=117329"}],"version-history":[{"count":1,"href":"https:\/\/eldiariodesanpedro.com.ar\/sitio\/wp-json\/wp\/v2\/posts\/117329\/revisions"}],"predecessor-version":[{"id":117330,"href":"https:\/\/eldiariodesanpedro.com.ar\/sitio\/wp-json\/wp\/v2\/posts\/117329\/revisions\/117330"}],"wp:featuredmedia":[{"embeddable":true,"href":"https:\/\/eldiariodesanpedro.com.ar\/sitio\/wp-json\/wp\/v2\/media\/104072"}],"wp:attachment":[{"href":"https:\/\/eldiariodesanpedro.com.ar\/sitio\/wp-json\/wp\/v2\/media?parent=117329"}],"wp:term":[{"taxonomy":"category","embeddable":true,"href":"https:\/\/eldiariodesanpedro.com.ar\/sitio\/wp-json\/wp\/v2\/categories?post=117329"},{"taxonomy":"post_tag","embeddable":true,"href":"https:\/\/eldiariodesanpedro.com.ar\/sitio\/wp-json\/wp\/v2\/tags?post=117329"}],"curies":[{"name":"wp","href":"https:\/\/api.w.org\/{rel}","templated":true}]}}