{"id":117324,"date":"2023-04-21T17:51:31","date_gmt":"2023-04-21T20:51:31","guid":{"rendered":"https:\/\/eldiariodesanpedro.com.ar\/sitio\/?p=117324"},"modified":"2023-04-21T17:51:33","modified_gmt":"2023-04-21T20:51:33","slug":"una-mujer-herida-en-un-choque-entre-una-camioneta-y-una-moto","status":"publish","type":"post","link":"https:\/\/eldiariodesanpedro.com.ar\/sitio\/una-mujer-herida-en-un-choque-entre-una-camioneta-y-una-moto\/","title":{"rendered":"Una mujer herida en un choque entre una camioneta y una moto"},"content":{"rendered":"<!-- VideographyWP Plugin Message: Automatic video embedding prevented by plugin options. -->\n\n<p>En la ma\u00f1ana de este viernes se produjo un accidente en la esquina de P. Simonino y la Av. 11 de Septiembre. Una moto y una camioneta colisionaron en el lugar, resultando lesionada una mujer que se encontraba en la moto al momento del accidente.<\/p>\n\n\n\n<p>Un equipo m\u00e9dico del SAME lleg\u00f3 al lugar y asisti\u00f3 a la v\u00edctima, quien fue trasladada al nosocomio local con lesiones producto del impacto y la ca\u00edda a la cinta asf\u00e1ltica.<\/p>\n\n\n\n<p>Sin embargo, al llegar la polic\u00eda al lugar del accidente, se constat\u00f3 que ninguno de los dos veh\u00edculos involucrados se encontraban en el lugar. La moto hab\u00eda sido retirada por un tercero, mientras que la camioneta se dio a la fuga.<\/p>\n","protected":false},"excerpt":{"rendered":"<p>En la ma\u00f1ana de este viernes se produjo un accidente en la esquina de P. Simonino y la Av. 11 de Septiembre. Una moto y una camioneta colisionaron en el lugar, resultando lesionada una mujer que se encontraba en la moto al momento del accidente. Un equipo m\u00e9dico del SAME lleg\u00f3 al lugar y asisti\u00f3 [&hellip;]<\/p>\n","protected":false},"author":4,"featured_media":117325,"comment_status":"closed","ping_status":"closed","sticky":false,"template":"","format":"standard","meta":{"om_disable_all_campaigns":false,"_jetpack_memberships_contains_paid_content":false,"footnotes":""},"categories":[2,103],"tags":[197,33,95,19],"class_list":["post-117324","post","type-post","status-publish","format-standard","has-post-thumbnail","hentry","category-locales","category-policiales-locales","tag-buenos-aires","tag-locales","tag-policiales","tag-san-pedro"],"aioseo_notices":[],"gutentor_comment":0,"jetpack_featured_media_url":"https:\/\/eldiariodesanpedro.com.ar\/sitio\/wp-content\/uploads\/2023\/04\/WhatsApp-Image-2023-04-21-at-10.06.57-1.jpeg","jetpack_shortlink":"https:\/\/wp.me\/p6RhLt-uwk","jetpack_sharing_enabled":true,"_links":{"self":[{"href":"https:\/\/eldiariodesanpedro.com.ar\/sitio\/wp-json\/wp\/v2\/posts\/117324","targetHints":{"allow":["GET"]}}],"collection":[{"href":"https:\/\/eldiariodesanpedro.com.ar\/sitio\/wp-json\/wp\/v2\/posts"}],"about":[{"href":"https:\/\/eldiariodesanpedro.com.ar\/sitio\/wp-json\/wp\/v2\/types\/post"}],"author":[{"embeddable":true,"href":"https:\/\/eldiariodesanpedro.com.ar\/sitio\/wp-json\/wp\/v2\/users\/4"}],"replies":[{"embeddable":true,"href":"https:\/\/eldiariodesanpedro.com.ar\/sitio\/wp-json\/wp\/v2\/comments?post=117324"}],"version-history":[{"count":1,"href":"https:\/\/eldiariodesanpedro.com.ar\/sitio\/wp-json\/wp\/v2\/posts\/117324\/revisions"}],"predecessor-version":[{"id":117326,"href":"https:\/\/eldiariodesanpedro.com.ar\/sitio\/wp-json\/wp\/v2\/posts\/117324\/revisions\/117326"}],"wp:featuredmedia":[{"embeddable":true,"href":"https:\/\/eldiariodesanpedro.com.ar\/sitio\/wp-json\/wp\/v2\/media\/117325"}],"wp:attachment":[{"href":"https:\/\/eldiariodesanpedro.com.ar\/sitio\/wp-json\/wp\/v2\/media?parent=117324"}],"wp:term":[{"taxonomy":"category","embeddable":true,"href":"https:\/\/eldiariodesanpedro.com.ar\/sitio\/wp-json\/wp\/v2\/categories?post=117324"},{"taxonomy":"post_tag","embeddable":true,"href":"https:\/\/eldiariodesanpedro.com.ar\/sitio\/wp-json\/wp\/v2\/tags?post=117324"}],"curies":[{"name":"wp","href":"https:\/\/api.w.org\/{rel}","templated":true}]}}