{"id":117321,"date":"2023-04-21T17:18:32","date_gmt":"2023-04-21T20:18:32","guid":{"rendered":"https:\/\/eldiariodesanpedro.com.ar\/sitio\/?p=117321"},"modified":"2023-04-21T17:53:42","modified_gmt":"2023-04-21T20:53:42","slug":"el-intendente-salazar-se-reune-con-loa-pequenos-gigantes-para-mejorar-atencion-neonatal","status":"publish","type":"post","link":"https:\/\/eldiariodesanpedro.com.ar\/sitio\/el-intendente-salazar-se-reune-con-loa-pequenos-gigantes-para-mejorar-atencion-neonatal\/","title":{"rendered":"El Intendente Salazar se re\u00fane con los \u00abPeque\u00f1os Gigantes\u00bb para mejorar atenci\u00f3n neonatal"},"content":{"rendered":"<!-- VideographyWP Plugin Message: Automatic video embedding prevented by plugin options. -->\n\n<p>El Intendente Cecilio Salazar se reuni\u00f3 con un grupo de mujeres pertenecientes a la ONG Peque\u00f1os Gigantes para discutir sobre la salud p\u00fablica. Noelia Valera, D\u00e9bora Br\u00f3coli, Mari Brito, Yesica Barrios y Marianela Duarte participaron en el encuentro con gran entusiasmo y compromiso.<\/p>\n\n\n\n<p>Durante la reuni\u00f3n, se enfatiz\u00f3 en la importancia de trabajar juntos para mejorar las condiciones de atenci\u00f3n en neonatolog\u00eda y brindar mejores prestaciones a las familias que reciben beb\u00e9s que necesitan atenci\u00f3n especial. El grupo de mujeres ha sido un ejemplo para la comunidad y continuar\u00e1 trabajando con el Intendente Salazar en la implementaci\u00f3n de acciones que permitan alcanzar este objetivo.<\/p>\n\n\n\n<p>Adem\u00e1s, se destac\u00f3 la reciente incorporaci\u00f3n de tecnolog\u00eda en una unidad de traslado para mejorar la atenci\u00f3n neonatal. Se esperan seguir proyectando acciones y gestiones para mejorar la calidad de atenci\u00f3n en neonatolog\u00eda y lograr una mayor eficiencia en los servicios p\u00fablicos de salud. <\/p>\n","protected":false},"excerpt":{"rendered":"<p>El Intendente Cecilio Salazar se reuni\u00f3 con un grupo de mujeres pertenecientes a la ONG Peque\u00f1os Gigantes para discutir sobre la salud p\u00fablica. Noelia Valera, D\u00e9bora Br\u00f3coli, Mari Brito, Yesica Barrios y Marianela Duarte participaron en el encuentro con gran entusiasmo y compromiso. Durante la reuni\u00f3n, se enfatiz\u00f3 en la importancia de trabajar juntos para [&hellip;]<\/p>\n","protected":false},"author":4,"featured_media":117322,"comment_status":"closed","ping_status":"closed","sticky":false,"template":"","format":"standard","meta":{"om_disable_all_campaigns":false,"_jetpack_memberships_contains_paid_content":false,"footnotes":""},"categories":[50,101,2],"tags":[197,696,33,19],"class_list":["post-117321","post","type-post","status-publish","format-standard","has-post-thumbnail","hentry","category-destacadas","category-interes-general-locales","category-locales","tag-buenos-aires","tag-interes-general","tag-locales","tag-san-pedro"],"aioseo_notices":[],"gutentor_comment":0,"jetpack_featured_media_url":"https:\/\/eldiariodesanpedro.com.ar\/sitio\/wp-content\/uploads\/2023\/04\/WhatsApp-Image-2023-04-21-at-16.28.58.jpeg","jetpack_shortlink":"https:\/\/wp.me\/p6RhLt-uwh","jetpack_sharing_enabled":true,"_links":{"self":[{"href":"https:\/\/eldiariodesanpedro.com.ar\/sitio\/wp-json\/wp\/v2\/posts\/117321","targetHints":{"allow":["GET"]}}],"collection":[{"href":"https:\/\/eldiariodesanpedro.com.ar\/sitio\/wp-json\/wp\/v2\/posts"}],"about":[{"href":"https:\/\/eldiariodesanpedro.com.ar\/sitio\/wp-json\/wp\/v2\/types\/post"}],"author":[{"embeddable":true,"href":"https:\/\/eldiariodesanpedro.com.ar\/sitio\/wp-json\/wp\/v2\/users\/4"}],"replies":[{"embeddable":true,"href":"https:\/\/eldiariodesanpedro.com.ar\/sitio\/wp-json\/wp\/v2\/comments?post=117321"}],"version-history":[{"count":3,"href":"https:\/\/eldiariodesanpedro.com.ar\/sitio\/wp-json\/wp\/v2\/posts\/117321\/revisions"}],"predecessor-version":[{"id":117328,"href":"https:\/\/eldiariodesanpedro.com.ar\/sitio\/wp-json\/wp\/v2\/posts\/117321\/revisions\/117328"}],"wp:featuredmedia":[{"embeddable":true,"href":"https:\/\/eldiariodesanpedro.com.ar\/sitio\/wp-json\/wp\/v2\/media\/117322"}],"wp:attachment":[{"href":"https:\/\/eldiariodesanpedro.com.ar\/sitio\/wp-json\/wp\/v2\/media?parent=117321"}],"wp:term":[{"taxonomy":"category","embeddable":true,"href":"https:\/\/eldiariodesanpedro.com.ar\/sitio\/wp-json\/wp\/v2\/categories?post=117321"},{"taxonomy":"post_tag","embeddable":true,"href":"https:\/\/eldiariodesanpedro.com.ar\/sitio\/wp-json\/wp\/v2\/tags?post=117321"}],"curies":[{"name":"wp","href":"https:\/\/api.w.org\/{rel}","templated":true}]}}