{"id":117318,"date":"2023-04-21T16:53:25","date_gmt":"2023-04-21T19:53:25","guid":{"rendered":"https:\/\/eldiariodesanpedro.com.ar\/sitio\/?p=117318"},"modified":"2023-04-21T16:53:27","modified_gmt":"2023-04-21T19:53:27","slug":"sergio-barrios-es-nombrado-nuevo-delegado-municipal-de-santa-lucia","status":"publish","type":"post","link":"https:\/\/eldiariodesanpedro.com.ar\/sitio\/sergio-barrios-es-nombrado-nuevo-delegado-municipal-de-santa-lucia\/","title":{"rendered":"Sergio Barrios es nombrado nuevo Delegado Municipal de Santa Luc\u00eda"},"content":{"rendered":"<!-- VideographyWP Plugin Message: Automatic video embedding prevented by plugin options. -->\n\n<p>El Intendente Salazar ha anunciado el nombramiento de Sergio Barrios como el nuevo Delegado Municipal de Santa Luc\u00eda. La designaci\u00f3n se produce despu\u00e9s de que Luciano Juhant confirmara su salida del cargo d\u00edas atr\u00e1s.<\/p>\n\n\n\n<p>Barrios, de 41 a\u00f1os, ha estado trabajando como empleado municipal en la delegaci\u00f3n de Santa Luc\u00eda durante menos de un a\u00f1o antes de su designaci\u00f3n. Es originario de una familia respetada y querida en la comunidad local.<\/p>\n\n\n\n<p>La noticia de la designaci\u00f3n de Barrios ha sido recibida con gran entusiasmo por los vecinos de Santa Luc\u00eda, quienes esperan que su nombramiento traiga nuevos avances y mejoras a la regi\u00f3n.<\/p>\n\n\n\n<p>La selecci\u00f3n de Barrios para este importante cargo es una clara muestra del compromiso del Intendente Salazar de buscar y designar a personas competentes y capacitadas para liderar la gesti\u00f3n p\u00fablica en San Pedro.<\/p>\n","protected":false},"excerpt":{"rendered":"<p>El Intendente Salazar ha anunciado el nombramiento de Sergio Barrios como el nuevo Delegado Municipal de Santa Luc\u00eda. La designaci\u00f3n se produce despu\u00e9s de que Luciano Juhant confirmara su salida del cargo d\u00edas atr\u00e1s. Barrios, de 41 a\u00f1os, ha estado trabajando como empleado municipal en la delegaci\u00f3n de Santa Luc\u00eda durante menos de un a\u00f1o [&hellip;]<\/p>\n","protected":false},"author":4,"featured_media":117319,"comment_status":"closed","ping_status":"closed","sticky":false,"template":"","format":"standard","meta":{"om_disable_all_campaigns":false,"_jetpack_memberships_contains_paid_content":false,"footnotes":""},"categories":[50,101,2],"tags":[197,696,33,19,3576],"class_list":["post-117318","post","type-post","status-publish","format-standard","has-post-thumbnail","hentry","category-destacadas","category-interes-general-locales","category-locales","tag-buenos-aires","tag-interes-general","tag-locales","tag-san-pedro","tag-sergio-barrios-es-nombrado-nuevo-delegado-municipal-de-santa-lucia"],"aioseo_notices":[],"gutentor_comment":0,"jetpack_featured_media_url":"https:\/\/eldiariodesanpedro.com.ar\/sitio\/wp-content\/uploads\/2023\/04\/0000021787-resized-1920x1080-1.jpg","jetpack_shortlink":"https:\/\/wp.me\/p6RhLt-uwe","jetpack_sharing_enabled":true,"_links":{"self":[{"href":"https:\/\/eldiariodesanpedro.com.ar\/sitio\/wp-json\/wp\/v2\/posts\/117318","targetHints":{"allow":["GET"]}}],"collection":[{"href":"https:\/\/eldiariodesanpedro.com.ar\/sitio\/wp-json\/wp\/v2\/posts"}],"about":[{"href":"https:\/\/eldiariodesanpedro.com.ar\/sitio\/wp-json\/wp\/v2\/types\/post"}],"author":[{"embeddable":true,"href":"https:\/\/eldiariodesanpedro.com.ar\/sitio\/wp-json\/wp\/v2\/users\/4"}],"replies":[{"embeddable":true,"href":"https:\/\/eldiariodesanpedro.com.ar\/sitio\/wp-json\/wp\/v2\/comments?post=117318"}],"version-history":[{"count":1,"href":"https:\/\/eldiariodesanpedro.com.ar\/sitio\/wp-json\/wp\/v2\/posts\/117318\/revisions"}],"predecessor-version":[{"id":117320,"href":"https:\/\/eldiariodesanpedro.com.ar\/sitio\/wp-json\/wp\/v2\/posts\/117318\/revisions\/117320"}],"wp:featuredmedia":[{"embeddable":true,"href":"https:\/\/eldiariodesanpedro.com.ar\/sitio\/wp-json\/wp\/v2\/media\/117319"}],"wp:attachment":[{"href":"https:\/\/eldiariodesanpedro.com.ar\/sitio\/wp-json\/wp\/v2\/media?parent=117318"}],"wp:term":[{"taxonomy":"category","embeddable":true,"href":"https:\/\/eldiariodesanpedro.com.ar\/sitio\/wp-json\/wp\/v2\/categories?post=117318"},{"taxonomy":"post_tag","embeddable":true,"href":"https:\/\/eldiariodesanpedro.com.ar\/sitio\/wp-json\/wp\/v2\/tags?post=117318"}],"curies":[{"name":"wp","href":"https:\/\/api.w.org\/{rel}","templated":true}]}}