{"id":117315,"date":"2023-04-21T16:41:18","date_gmt":"2023-04-21T19:41:18","guid":{"rendered":"https:\/\/eldiariodesanpedro.com.ar\/sitio\/?p=117315"},"modified":"2023-04-21T16:41:20","modified_gmt":"2023-04-21T19:41:20","slug":"el-ex-comisario-salas-se-suma-a-la-secretaria-de-seguridad","status":"publish","type":"post","link":"https:\/\/eldiariodesanpedro.com.ar\/sitio\/el-ex-comisario-salas-se-suma-a-la-secretaria-de-seguridad\/","title":{"rendered":"El ex Comisario Salas se suma a la Secretaria de Seguridad"},"content":{"rendered":"<!-- VideographyWP Plugin Message: Automatic video embedding prevented by plugin options. -->\n\n<p>El Comisario retirado Jos\u00e9 Luis Salas ha sido anunciado como el nuevo coordinador de la Secretar\u00eda de Seguridad dirigida por Dante Paolini. A partir del pr\u00f3ximo lunes, Salas se unir\u00e1 al equipo de Paolini para trabajar en la implementaci\u00f3n de pol\u00edticas y estrategias de seguridad en la regi\u00f3n.<\/p>\n\n\n\n<p>La designaci\u00f3n de Salas llega dos semanas despu\u00e9s de que Paolini asumiera el cargo en reemplazo de Juan Carlos Ag\u00fcero. Salas y Paolini ya han trabajado juntos anteriormente, cuando Salas se desempe\u00f1\u00f3 como Comisario de San Pedro durante el tiempo en que Paolini fue Jefe de la Polic\u00eda Distrital.<\/p>\n\n\n\n<p>La experiencia y el conocimiento de Salas en materia de seguridad son altamente valorados y se espera que su incorporaci\u00f3n al equipo de Paolini fortalezca a\u00fan m\u00e1s los esfuerzos por mejorar la seguridad en la regi\u00f3n.<\/p>\n\n\n\n<p>El lunes ser\u00e1 el primer d\u00eda de Salas en su nuevo cargo, y se espera que comience a trabajar de inmediato en la coordinaci\u00f3n y supervisi\u00f3n de las actividades del equipo de seguridad. Se espera que su experiencia y liderazgo contribuyan significativamente al trabajo de la Secretar\u00eda de Seguridad bajo la direcci\u00f3n de Dante Paolini.<\/p>\n","protected":false},"excerpt":{"rendered":"<p>El Comisario retirado Jos\u00e9 Luis Salas ha sido anunciado como el nuevo coordinador de la Secretar\u00eda de Seguridad dirigida por Dante Paolini. A partir del pr\u00f3ximo lunes, Salas se unir\u00e1 al equipo de Paolini para trabajar en la implementaci\u00f3n de pol\u00edticas y estrategias de seguridad en la regi\u00f3n. La designaci\u00f3n de Salas llega dos semanas [&hellip;]<\/p>\n","protected":false},"author":4,"featured_media":117316,"comment_status":"closed","ping_status":"closed","sticky":false,"template":"","format":"standard","meta":{"om_disable_all_campaigns":false,"_jetpack_memberships_contains_paid_content":false,"footnotes":""},"categories":[50,101,2],"tags":[197,3575,19],"class_list":["post-117315","post","type-post","status-publish","format-standard","has-post-thumbnail","hentry","category-destacadas","category-interes-general-locales","category-locales","tag-buenos-aires","tag-el-ex-comisario-salas-se-suma-a-la-secretaria-de-seguridad","tag-san-pedro"],"aioseo_notices":[],"gutentor_comment":0,"jetpack_featured_media_url":"https:\/\/eldiariodesanpedro.com.ar\/sitio\/wp-content\/uploads\/2023\/04\/0000021786-resized-1920x1080-1.jpg","jetpack_shortlink":"https:\/\/wp.me\/p6RhLt-uwb","jetpack_sharing_enabled":true,"_links":{"self":[{"href":"https:\/\/eldiariodesanpedro.com.ar\/sitio\/wp-json\/wp\/v2\/posts\/117315","targetHints":{"allow":["GET"]}}],"collection":[{"href":"https:\/\/eldiariodesanpedro.com.ar\/sitio\/wp-json\/wp\/v2\/posts"}],"about":[{"href":"https:\/\/eldiariodesanpedro.com.ar\/sitio\/wp-json\/wp\/v2\/types\/post"}],"author":[{"embeddable":true,"href":"https:\/\/eldiariodesanpedro.com.ar\/sitio\/wp-json\/wp\/v2\/users\/4"}],"replies":[{"embeddable":true,"href":"https:\/\/eldiariodesanpedro.com.ar\/sitio\/wp-json\/wp\/v2\/comments?post=117315"}],"version-history":[{"count":1,"href":"https:\/\/eldiariodesanpedro.com.ar\/sitio\/wp-json\/wp\/v2\/posts\/117315\/revisions"}],"predecessor-version":[{"id":117317,"href":"https:\/\/eldiariodesanpedro.com.ar\/sitio\/wp-json\/wp\/v2\/posts\/117315\/revisions\/117317"}],"wp:featuredmedia":[{"embeddable":true,"href":"https:\/\/eldiariodesanpedro.com.ar\/sitio\/wp-json\/wp\/v2\/media\/117316"}],"wp:attachment":[{"href":"https:\/\/eldiariodesanpedro.com.ar\/sitio\/wp-json\/wp\/v2\/media?parent=117315"}],"wp:term":[{"taxonomy":"category","embeddable":true,"href":"https:\/\/eldiariodesanpedro.com.ar\/sitio\/wp-json\/wp\/v2\/categories?post=117315"},{"taxonomy":"post_tag","embeddable":true,"href":"https:\/\/eldiariodesanpedro.com.ar\/sitio\/wp-json\/wp\/v2\/tags?post=117315"}],"curies":[{"name":"wp","href":"https:\/\/api.w.org\/{rel}","templated":true}]}}