{"id":117311,"date":"2023-04-21T15:58:55","date_gmt":"2023-04-21T18:58:55","guid":{"rendered":"https:\/\/eldiariodesanpedro.com.ar\/sitio\/?p=117311"},"modified":"2023-04-21T15:58:57","modified_gmt":"2023-04-21T18:58:57","slug":"programa-arriba-emprendedores-con-creditos-a-tasa-cero","status":"publish","type":"post","link":"https:\/\/eldiariodesanpedro.com.ar\/sitio\/programa-arriba-emprendedores-con-creditos-a-tasa-cero\/","title":{"rendered":"Programa Arriba Emprendedores con cr\u00e9ditos a tasa cero"},"content":{"rendered":"<!-- VideographyWP Plugin Message: Automatic video embedding prevented by plugin options. -->\n\n<p>La Municipalidad de San Pedro comparte la iniciativa del Ministerio de Producci\u00f3n de la Provincia de Buenos Aires de otorgar cr\u00e9ditos a tasa cero para emprendedores a trav\u00e9s del programa \u00abArriba Emprendedores\u00bb.<\/p>\n\n\n\n<p>Este financiamiento se encuentra dirigido a emprendedores\/as y emprendimientos que tengan potencialidad para consolidarse como Mipymes, y podr\u00e1 ser utilizado para diversas finalidades, como inversi\u00f3n productiva, activos fijos, activos intangibles, gastos de consultor\u00eda, capital de trabajo, entre otros.<\/p>\n\n\n\n<p>Las condiciones para acceder a este cr\u00e9dito son las siguientes: se deben tener como m\u00e1ximo 4 a\u00f1os de desarrollo de la actividad, la sede productiva y proyecto deben estar emplazados en la provincia de Buenos Aires, se debe poseer cuenta bancaria en el Banco Provincia de Buenos Aires y se debe contar con aval de apoyo o respaldo de una organizaci\u00f3n intermedia (Municipio, instituci\u00f3n o entidad que se encuentre trabajando en territorio).<\/p>\n\n\n\n<p>El monto m\u00e1ximo del cr\u00e9dito es de hasta dos millones quinientos mil pesos ($2.500.000), con una tasa de inter\u00e9s del 0%, un per\u00edodo de gracia de entre 6 y 12 meses y un plazo para devoluci\u00f3n del cr\u00e9dito de hasta cuarenta y ocho (48) meses. Las garant\u00edas son personales.<\/p>\n\n\n\n<p>Los interesados en obtener m\u00e1s informaci\u00f3n sobre este programa, pueden acceder al siguiente enlace: <a href=\"https:\/\/bit.ly\/3KVh4Uk\">https:\/\/bit.ly\/3KVh4Uk<\/a>. Por dudas o consultas, se podr\u00e1n comunicar con la Secretar\u00eda de Desarrollo Econ\u00f3mico a trav\u00e9s del WhatsApp 3329648530.<\/p>\n\n\n\n<figure class=\"wp-block-image size-full\"><img decoding=\"async\" width=\"752\" height=\"630\" data-attachment-id=\"117313\" data-permalink=\"https:\/\/eldiariodesanpedro.com.ar\/sitio\/programa-arriba-emprendedores-con-creditos-a-tasa-cero\/whatsapp-image-2023-04-21-at-13-25-11\/\" data-orig-file=\"https:\/\/eldiariodesanpedro.com.ar\/sitio\/wp-content\/uploads\/2023\/04\/WhatsApp-Image-2023-04-21-at-13.25.11.jpeg\" data-orig-size=\"752,630\" data-comments-opened=\"0\" data-image-meta=\"{&quot;aperture&quot;:&quot;0&quot;,&quot;credit&quot;:&quot;&quot;,&quot;camera&quot;:&quot;&quot;,&quot;caption&quot;:&quot;&quot;,&quot;created_timestamp&quot;:&quot;0&quot;,&quot;copyright&quot;:&quot;&quot;,&quot;focal_length&quot;:&quot;0&quot;,&quot;iso&quot;:&quot;0&quot;,&quot;shutter_speed&quot;:&quot;0&quot;,&quot;title&quot;:&quot;&quot;,&quot;orientation&quot;:&quot;0&quot;}\" data-image-title=\"WhatsApp Image 2023-04-21 at 13.25.11\" data-image-description=\"\" data-image-caption=\"\" data-large-file=\"https:\/\/eldiariodesanpedro.com.ar\/sitio\/wp-content\/uploads\/2023\/04\/WhatsApp-Image-2023-04-21-at-13.25.11.jpeg\" data-src=\"https:\/\/eldiariodesanpedro.com.ar\/sitio\/wp-content\/uploads\/2023\/04\/WhatsApp-Image-2023-04-21-at-13.25.11.jpeg\" alt=\"\" class=\"wp-image-117313 lazyload\" data-srcset=\"https:\/\/eldiariodesanpedro.com.ar\/sitio\/wp-content\/uploads\/2023\/04\/WhatsApp-Image-2023-04-21-at-13.25.11.jpeg 752w, https:\/\/eldiariodesanpedro.com.ar\/sitio\/wp-content\/uploads\/2023\/04\/WhatsApp-Image-2023-04-21-at-13.25.11-300x251.jpeg 300w\" data-sizes=\"(max-width: 752px) 100vw, 752px\" src=\"data:image\/svg+xml;base64,PHN2ZyB3aWR0aD0iMSIgaGVpZ2h0PSIxIiB4bWxucz0iaHR0cDovL3d3dy53My5vcmcvMjAwMC9zdmciPjwvc3ZnPg==\" style=\"--smush-placeholder-width: 752px; --smush-placeholder-aspect-ratio: 752\/630;\" \/><\/figure>\n","protected":false},"excerpt":{"rendered":"<p>La Municipalidad de San Pedro comparte la iniciativa del Ministerio de Producci\u00f3n de la Provincia de Buenos Aires de otorgar cr\u00e9ditos a tasa cero para emprendedores a trav\u00e9s del programa \u00abArriba Emprendedores\u00bb. Este financiamiento se encuentra dirigido a emprendedores\/as y emprendimientos que tengan potencialidad para consolidarse como Mipymes, y podr\u00e1 ser utilizado para diversas finalidades, [&hellip;]<\/p>\n","protected":false},"author":4,"featured_media":117312,"comment_status":"closed","ping_status":"closed","sticky":false,"template":"","format":"standard","meta":{"om_disable_all_campaigns":false,"_jetpack_memberships_contains_paid_content":false,"footnotes":""},"categories":[50,101,2],"tags":[197,696,33,19],"class_list":["post-117311","post","type-post","status-publish","format-standard","has-post-thumbnail","hentry","category-destacadas","category-interes-general-locales","category-locales","tag-buenos-aires","tag-interes-general","tag-locales","tag-san-pedro"],"aioseo_notices":[],"gutentor_comment":0,"jetpack_featured_media_url":"https:\/\/eldiariodesanpedro.com.ar\/sitio\/wp-content\/uploads\/2023\/04\/tasa-cero-800x445-1.jpg","jetpack_shortlink":"https:\/\/wp.me\/p6RhLt-uw7","jetpack_sharing_enabled":true,"_links":{"self":[{"href":"https:\/\/eldiariodesanpedro.com.ar\/sitio\/wp-json\/wp\/v2\/posts\/117311","targetHints":{"allow":["GET"]}}],"collection":[{"href":"https:\/\/eldiariodesanpedro.com.ar\/sitio\/wp-json\/wp\/v2\/posts"}],"about":[{"href":"https:\/\/eldiariodesanpedro.com.ar\/sitio\/wp-json\/wp\/v2\/types\/post"}],"author":[{"embeddable":true,"href":"https:\/\/eldiariodesanpedro.com.ar\/sitio\/wp-json\/wp\/v2\/users\/4"}],"replies":[{"embeddable":true,"href":"https:\/\/eldiariodesanpedro.com.ar\/sitio\/wp-json\/wp\/v2\/comments?post=117311"}],"version-history":[{"count":1,"href":"https:\/\/eldiariodesanpedro.com.ar\/sitio\/wp-json\/wp\/v2\/posts\/117311\/revisions"}],"predecessor-version":[{"id":117314,"href":"https:\/\/eldiariodesanpedro.com.ar\/sitio\/wp-json\/wp\/v2\/posts\/117311\/revisions\/117314"}],"wp:featuredmedia":[{"embeddable":true,"href":"https:\/\/eldiariodesanpedro.com.ar\/sitio\/wp-json\/wp\/v2\/media\/117312"}],"wp:attachment":[{"href":"https:\/\/eldiariodesanpedro.com.ar\/sitio\/wp-json\/wp\/v2\/media?parent=117311"}],"wp:term":[{"taxonomy":"category","embeddable":true,"href":"https:\/\/eldiariodesanpedro.com.ar\/sitio\/wp-json\/wp\/v2\/categories?post=117311"},{"taxonomy":"post_tag","embeddable":true,"href":"https:\/\/eldiariodesanpedro.com.ar\/sitio\/wp-json\/wp\/v2\/tags?post=117311"}],"curies":[{"name":"wp","href":"https:\/\/api.w.org\/{rel}","templated":true}]}}