{"id":117308,"date":"2023-04-21T15:38:48","date_gmt":"2023-04-21T18:38:48","guid":{"rendered":"https:\/\/eldiariodesanpedro.com.ar\/sitio\/?p=117308"},"modified":"2023-04-21T15:38:49","modified_gmt":"2023-04-21T18:38:49","slug":"la-direccion-de-rentas-brindo-atencion-en-gobernador-castro","status":"publish","type":"post","link":"https:\/\/eldiariodesanpedro.com.ar\/sitio\/la-direccion-de-rentas-brindo-atencion-en-gobernador-castro\/","title":{"rendered":"La Direcci\u00f3n de Rentas brind\u00f3 atenci\u00f3n en Gobernador Castro"},"content":{"rendered":"<!-- VideographyWP Plugin Message: Automatic video embedding prevented by plugin options. -->\n\n<p>Como parte de su programa de actividades en las diversas localidades del Partido, el personal de la Direcci\u00f3n de Rentas brind\u00f3 atenci\u00f3n en Gobernador Castro con el objetivo de satisfacer la demanda de los residentes de la localidad.<\/p>\n\n\n\n<p>Durante los d\u00edas jueves y viernes se ofrecieron tr\u00e1mites de reempadronamiento de autos y motos, al igual que los servicios que se brindan en el Palacio Municipal. Adem\u00e1s, se permiti\u00f3 la inscripci\u00f3n en el plan de facilidades de pago para la regularizaci\u00f3n de deudas.<\/p>\n\n\n\n<p>Estas actividades continuar\u00e1n en R\u00edo Tala el viernes 28 de abril, con el fin de ofrecer atenci\u00f3n personalizada y se continuar\u00e1n generando visitas a lo largo del a\u00f1o dada la respuesta positiva de los vecinos y vecinas al hecho de que la Direcci\u00f3n de Rentas se acerque hasta las localidades.<\/p>\n","protected":false},"excerpt":{"rendered":"<p>Como parte de su programa de actividades en las diversas localidades del Partido, el personal de la Direcci\u00f3n de Rentas brind\u00f3 atenci\u00f3n en Gobernador Castro con el objetivo de satisfacer la demanda de los residentes de la localidad. Durante los d\u00edas jueves y viernes se ofrecieron tr\u00e1mites de reempadronamiento de autos y motos, al igual [&hellip;]<\/p>\n","protected":false},"author":4,"featured_media":117309,"comment_status":"closed","ping_status":"closed","sticky":false,"template":"","format":"standard","meta":{"om_disable_all_campaigns":false,"_jetpack_memberships_contains_paid_content":false,"footnotes":""},"categories":[50,101,2],"tags":[3574],"class_list":["post-117308","post","type-post","status-publish","format-standard","has-post-thumbnail","hentry","category-destacadas","category-interes-general-locales","category-locales","tag-la-direccion-de-rentas-brindo-atencion-en-gobernador-castro"],"aioseo_notices":[],"gutentor_comment":0,"jetpack_featured_media_url":"https:\/\/eldiariodesanpedro.com.ar\/sitio\/wp-content\/uploads\/2023\/04\/WhatsApp-Image-2023-04-21-at-12.23.04-1.jpeg","jetpack_shortlink":"https:\/\/wp.me\/p6RhLt-uw4","jetpack_sharing_enabled":true,"_links":{"self":[{"href":"https:\/\/eldiariodesanpedro.com.ar\/sitio\/wp-json\/wp\/v2\/posts\/117308","targetHints":{"allow":["GET"]}}],"collection":[{"href":"https:\/\/eldiariodesanpedro.com.ar\/sitio\/wp-json\/wp\/v2\/posts"}],"about":[{"href":"https:\/\/eldiariodesanpedro.com.ar\/sitio\/wp-json\/wp\/v2\/types\/post"}],"author":[{"embeddable":true,"href":"https:\/\/eldiariodesanpedro.com.ar\/sitio\/wp-json\/wp\/v2\/users\/4"}],"replies":[{"embeddable":true,"href":"https:\/\/eldiariodesanpedro.com.ar\/sitio\/wp-json\/wp\/v2\/comments?post=117308"}],"version-history":[{"count":1,"href":"https:\/\/eldiariodesanpedro.com.ar\/sitio\/wp-json\/wp\/v2\/posts\/117308\/revisions"}],"predecessor-version":[{"id":117310,"href":"https:\/\/eldiariodesanpedro.com.ar\/sitio\/wp-json\/wp\/v2\/posts\/117308\/revisions\/117310"}],"wp:featuredmedia":[{"embeddable":true,"href":"https:\/\/eldiariodesanpedro.com.ar\/sitio\/wp-json\/wp\/v2\/media\/117309"}],"wp:attachment":[{"href":"https:\/\/eldiariodesanpedro.com.ar\/sitio\/wp-json\/wp\/v2\/media?parent=117308"}],"wp:term":[{"taxonomy":"category","embeddable":true,"href":"https:\/\/eldiariodesanpedro.com.ar\/sitio\/wp-json\/wp\/v2\/categories?post=117308"},{"taxonomy":"post_tag","embeddable":true,"href":"https:\/\/eldiariodesanpedro.com.ar\/sitio\/wp-json\/wp\/v2\/tags?post=117308"}],"curies":[{"name":"wp","href":"https:\/\/api.w.org\/{rel}","templated":true}]}}