{"id":117304,"date":"2023-04-21T15:30:42","date_gmt":"2023-04-21T18:30:42","guid":{"rendered":"https:\/\/eldiariodesanpedro.com.ar\/sitio\/?p=117304"},"modified":"2023-04-21T15:30:43","modified_gmt":"2023-04-21T18:30:43","slug":"programa-de-nineces-y-adolescencias-con-derechos-en-el-club-parana","status":"publish","type":"post","link":"https:\/\/eldiariodesanpedro.com.ar\/sitio\/programa-de-nineces-y-adolescencias-con-derechos-en-el-club-parana\/","title":{"rendered":"Programa de Ni\u00f1eces y Adolescencias con Derechos en el Club Paran\u00e1"},"content":{"rendered":"<!-- VideographyWP Plugin Message: Automatic video embedding prevented by plugin options. -->\n\n<p>Profesionales del Servicio Local de Promoci\u00f3n y Protecci\u00f3n de los Derechos de Ni\u00f1os, Ni\u00f1as y Adolescentes de San Pedro llevaron a cabo en Paran\u00e1 F\u00fatbol Club una jornada enmarcada en el Programa de Ni\u00f1eces y Adolescencias con Derechos que el Organismo dependiente de la Secretaria de Desarrollo Humano desarrolla durante todo el a\u00f1o en distintas instituciones del partido.<\/p>\n\n\n\n<p>La actividad estuvo destinada a personas que trabajan en contacto con Ni\u00f1os, Ni\u00f1as y Adolescentes, con el objetivo de brindarles herramientas para la detecci\u00f3n temprana y prevenci\u00f3n en las problem\u00e1ticas relacionadas con las nuevas tecnolog\u00edas, como son Grooming, Sexitng, Cyberbullyng y Huella Digital.<\/p>\n\n\n\n<p>Desde el \u00e1rea, agradecemos a la Comisi\u00f3n Directiva del club por recibirnos y permitirnos llevar adelante este espacio de reflexi\u00f3n.<\/p>\n\n\n\n<figure class=\"wp-block-image size-full\"><img decoding=\"async\" width=\"837\" height=\"630\" data-attachment-id=\"117305\" data-permalink=\"https:\/\/eldiariodesanpedro.com.ar\/sitio\/programa-de-nineces-y-adolescencias-con-derechos-en-el-club-parana\/whatsapp-image-2023-04-21-at-09-57-28-1\/\" data-orig-file=\"https:\/\/eldiariodesanpedro.com.ar\/sitio\/wp-content\/uploads\/2023\/04\/WhatsApp-Image-2023-04-21-at-09.57.28-1.jpeg\" data-orig-size=\"837,630\" data-comments-opened=\"0\" data-image-meta=\"{&quot;aperture&quot;:&quot;0&quot;,&quot;credit&quot;:&quot;&quot;,&quot;camera&quot;:&quot;&quot;,&quot;caption&quot;:&quot;&quot;,&quot;created_timestamp&quot;:&quot;0&quot;,&quot;copyright&quot;:&quot;&quot;,&quot;focal_length&quot;:&quot;0&quot;,&quot;iso&quot;:&quot;0&quot;,&quot;shutter_speed&quot;:&quot;0&quot;,&quot;title&quot;:&quot;&quot;,&quot;orientation&quot;:&quot;0&quot;}\" data-image-title=\"WhatsApp Image 2023-04-21 at 09.57.28 (1)\" data-image-description=\"\" data-image-caption=\"\" data-large-file=\"https:\/\/eldiariodesanpedro.com.ar\/sitio\/wp-content\/uploads\/2023\/04\/WhatsApp-Image-2023-04-21-at-09.57.28-1.jpeg\" data-src=\"https:\/\/eldiariodesanpedro.com.ar\/sitio\/wp-content\/uploads\/2023\/04\/WhatsApp-Image-2023-04-21-at-09.57.28-1.jpeg\" alt=\"\" class=\"wp-image-117305 lazyload\" data-srcset=\"https:\/\/eldiariodesanpedro.com.ar\/sitio\/wp-content\/uploads\/2023\/04\/WhatsApp-Image-2023-04-21-at-09.57.28-1.jpeg 837w, https:\/\/eldiariodesanpedro.com.ar\/sitio\/wp-content\/uploads\/2023\/04\/WhatsApp-Image-2023-04-21-at-09.57.28-1-300x226.jpeg 300w, https:\/\/eldiariodesanpedro.com.ar\/sitio\/wp-content\/uploads\/2023\/04\/WhatsApp-Image-2023-04-21-at-09.57.28-1-768x578.jpeg 768w, https:\/\/eldiariodesanpedro.com.ar\/sitio\/wp-content\/uploads\/2023\/04\/WhatsApp-Image-2023-04-21-at-09.57.28-1-272x204.jpeg 272w\" data-sizes=\"(max-width: 837px) 100vw, 837px\" src=\"data:image\/svg+xml;base64,PHN2ZyB3aWR0aD0iMSIgaGVpZ2h0PSIxIiB4bWxucz0iaHR0cDovL3d3dy53My5vcmcvMjAwMC9zdmciPjwvc3ZnPg==\" style=\"--smush-placeholder-width: 837px; --smush-placeholder-aspect-ratio: 837\/630;\" \/><\/figure>\n","protected":false},"excerpt":{"rendered":"<p>Profesionales del Servicio Local de Promoci\u00f3n y Protecci\u00f3n de los Derechos de Ni\u00f1os, Ni\u00f1as y Adolescentes de San Pedro llevaron a cabo en Paran\u00e1 F\u00fatbol Club una jornada enmarcada en el Programa de Ni\u00f1eces y Adolescencias con Derechos que el Organismo dependiente de la Secretaria de Desarrollo Humano desarrolla durante todo el a\u00f1o en distintas [&hellip;]<\/p>\n","protected":false},"author":4,"featured_media":117306,"comment_status":"closed","ping_status":"closed","sticky":false,"template":"","format":"standard","meta":{"om_disable_all_campaigns":false,"_jetpack_memberships_contains_paid_content":false,"footnotes":""},"categories":[50,101,2],"tags":[197,696,33,3573,19],"class_list":["post-117304","post","type-post","status-publish","format-standard","has-post-thumbnail","hentry","category-destacadas","category-interes-general-locales","category-locales","tag-buenos-aires","tag-interes-general","tag-locales","tag-programa-de-nineces-y-adolescencias-con-derechos-en-el-club-parana","tag-san-pedro"],"aioseo_notices":[],"gutentor_comment":0,"jetpack_featured_media_url":"https:\/\/eldiariodesanpedro.com.ar\/sitio\/wp-content\/uploads\/2023\/04\/WhatsApp-Image-2023-04-21-at-09.57.28.jpeg","jetpack_shortlink":"https:\/\/wp.me\/p6RhLt-uw0","jetpack_sharing_enabled":true,"_links":{"self":[{"href":"https:\/\/eldiariodesanpedro.com.ar\/sitio\/wp-json\/wp\/v2\/posts\/117304","targetHints":{"allow":["GET"]}}],"collection":[{"href":"https:\/\/eldiariodesanpedro.com.ar\/sitio\/wp-json\/wp\/v2\/posts"}],"about":[{"href":"https:\/\/eldiariodesanpedro.com.ar\/sitio\/wp-json\/wp\/v2\/types\/post"}],"author":[{"embeddable":true,"href":"https:\/\/eldiariodesanpedro.com.ar\/sitio\/wp-json\/wp\/v2\/users\/4"}],"replies":[{"embeddable":true,"href":"https:\/\/eldiariodesanpedro.com.ar\/sitio\/wp-json\/wp\/v2\/comments?post=117304"}],"version-history":[{"count":1,"href":"https:\/\/eldiariodesanpedro.com.ar\/sitio\/wp-json\/wp\/v2\/posts\/117304\/revisions"}],"predecessor-version":[{"id":117307,"href":"https:\/\/eldiariodesanpedro.com.ar\/sitio\/wp-json\/wp\/v2\/posts\/117304\/revisions\/117307"}],"wp:featuredmedia":[{"embeddable":true,"href":"https:\/\/eldiariodesanpedro.com.ar\/sitio\/wp-json\/wp\/v2\/media\/117306"}],"wp:attachment":[{"href":"https:\/\/eldiariodesanpedro.com.ar\/sitio\/wp-json\/wp\/v2\/media?parent=117304"}],"wp:term":[{"taxonomy":"category","embeddable":true,"href":"https:\/\/eldiariodesanpedro.com.ar\/sitio\/wp-json\/wp\/v2\/categories?post=117304"},{"taxonomy":"post_tag","embeddable":true,"href":"https:\/\/eldiariodesanpedro.com.ar\/sitio\/wp-json\/wp\/v2\/tags?post=117304"}],"curies":[{"name":"wp","href":"https:\/\/api.w.org\/{rel}","templated":true}]}}