{"id":117301,"date":"2023-04-21T14:24:14","date_gmt":"2023-04-21T17:24:14","guid":{"rendered":"https:\/\/eldiariodesanpedro.com.ar\/sitio\/?p=117301"},"modified":"2023-04-21T14:24:15","modified_gmt":"2023-04-21T17:24:15","slug":"asamblea-general-ordinaria-del-centro-de-comercio-e-industria-de-san-pedro-2","status":"publish","type":"post","link":"https:\/\/eldiariodesanpedro.com.ar\/sitio\/asamblea-general-ordinaria-del-centro-de-comercio-e-industria-de-san-pedro-2\/","title":{"rendered":"Asamblea\u00a0General Ordinaria del Centro de Comercio e Industria de San Pedro"},"content":{"rendered":"<!-- VideographyWP Plugin Message: Automatic video embedding prevented by plugin options. -->\n\n<p><strong>Convocatoria \u00a0a\u00a0 Asamblea\u00a0 General\u00a0 Ordinaria del Centro de Comercio e Industria de San Pedro <\/strong><\/p>\n\n\n\n<p>La <strong><em>COMISION DIRECTIVA<\/em><\/strong> del <strong><em>CENTRO de COMERCIO<\/em><\/strong><strong><em> e INDUSTRIA de SAN PEDRO<\/em><\/strong>, convoca a sus asociados a la <strong><em>ASAMBLEA GENERAL<\/em><\/strong><strong><em> ORDINARIA<\/em><\/strong> a realizarse el d\u00eda <strong>11 de Mayo de 2023<\/strong>, <strong>a las<\/strong> <strong>19,30 horas,<\/strong><strong> en la Sede de la Instituci\u00f3n, Bartolom\u00e9 Mitre 650, a fin de considerar el siguiente:<\/strong><\/p>\n\n\n\n<p><strong>ORDEN DEL DIA<\/strong><\/p>\n\n\n\n<p><strong>1.-<\/strong> Elecci\u00f3n de dos (2) asociados para refrendar el acta, conjuntamente con el Sr. Presidente y el Sr. Secretario.<\/p>\n\n\n\n<p><strong>2.-<\/strong> Informe del motivo de la realizaci\u00f3n de la Asamblea fuera de t\u00e9rmino.<\/p>\n\n\n\n<p><strong>3.-<\/strong> Lectura y consideraci\u00f3n de la Memoria del Ejercicio.<\/p>\n\n\n\n<p><strong>4.- <\/strong>Lectura y consideraci\u00f3n del Balance General, Cuadro de P\u00e9rdidas y Ganancias, Inventario General e Informe de la Comisi\u00f3n Revisora de Cuentas, correspondiente al <strong>Ejercicio Econ\u00f3mico nro. 89 comprendido entre los d\u00edas 01\/01\/2022 y 31\/12\/2022<\/strong>.<\/p>\n\n\n\n<p><strong>5.-<\/strong> Consideraci\u00f3n de las cuotas sociales.<\/p>\n\n\n\n<p><strong>6.- Elecci\u00f3n por dos (2) a\u00f1os<\/strong> de: <strong>PRESIDENTE<\/strong>, en reemplazo del Sr. <em>CHEYLLADA Ra\u00fal Emilio<\/em>; de <strong>SECRETARIO<\/strong>, en reemplazo del Sr. <em>CASTAGNOLA Gonzalo Ismael; <\/em>de <strong>TESORERO<\/strong><em>, <\/em>en reemplazo del Sr.<em> Seregni Roberto F\u00e9lix; <\/em>de <strong>VOCAL TITULAR 1ro.<\/strong>, en reemplazo del Sr. <em>ALLEGRONE H\u00e9ctor Horacio; <\/em>de <strong>VOCAL TITULAR 3ro.<\/strong>,en reemplazo de la Sra.<em> RONTE Mar\u00eda Estela,<\/em> todos ellos por finalizaci\u00f3n mandato.<\/p>\n\n\n\n<p><strong>Elecci\u00f3n por un (1) a\u00f1o<\/strong> de: <strong>VOCAL SUPLENTE 1ro.<\/strong>, en reemplazo del Sr. <em>GOMILA V\u00edctor Hugo<\/em>; de <strong>VOCAL SUPLENTE 2do.<\/strong>, en reemplazo del Sr. <em>FARI\u00d1A Santiago Abel<\/em>; de <strong>VOCAL SUPLENTE 3ro.<\/strong>, en reemplazo del Sr. <em>FERRARA Dante Gustavo<\/em>; de <strong>VOCAL SUPLENTE 4to.<\/strong>, en reemplazo de la Sra. <em>ROLFO Yamila<\/em>, todos ellos por finalizaci\u00f3n de mandato.<\/p>\n\n\n\n<p><strong>Elecci\u00f3n por un (1) a\u00f1o<\/strong> de: tres (3) <strong>REVISORES DE CUENTAS TITULARES<\/strong> en reemplazo del Sr. <em>MICAELLI Jorge Octavio, <\/em>del Sr. <em>DIAZ Roque An\u00edbal<\/em> y del Sr. <em>RIGHETTI An\u00edbal Orlando<\/em> todos ellos por finalizaci\u00f3n de mandato.<\/p>\n\n\n\n<p>ARTICULO 36\u00b0 DEL ESTATUTO: El qu\u00f3rum necesario para sesionar la Asamblea General Ordinaria en primera convocatoria, ser\u00e1 de la mitad m\u00e1s uno de los socios con derecho a voto. Si no se reuniera dicho n\u00famero a la hora indicada, se realizar\u00e1 una hora m\u00e1s tarde, en segunda convocatoria, con el n\u00famero de socios presentes, siempre que sea un n\u00famero igual o mayor al de los miembros titulares del Concejo Directivo.<\/p>\n\n\n\n<p><em>\u00a0<\/em>Ra\u00fal Emilio Cheyllada &#8211; Presidente\u00a0<br>Gonzalo Ismael Castagnola &#8211; Secretario<\/p>\n\n\n\n<p class=\"has-text-align-right\">San Pedro, 20 de Abril de 2023.-<\/p>\n","protected":false},"excerpt":{"rendered":"<p>Convocatoria \u00a0a\u00a0 Asamblea\u00a0 General\u00a0 Ordinaria del Centro de Comercio e Industria de San Pedro La COMISION DIRECTIVA del CENTRO de COMERCIO e INDUSTRIA de SAN PEDRO, convoca a sus asociados a la ASAMBLEA GENERAL ORDINARIA a realizarse el d\u00eda 11 de Mayo de 2023, a las 19,30 horas, en la Sede de la Instituci\u00f3n, Bartolom\u00e9 [&hellip;]<\/p>\n","protected":false},"author":4,"featured_media":117302,"comment_status":"closed","ping_status":"closed","sticky":false,"template":"","format":"standard","meta":{"om_disable_all_campaigns":false,"_jetpack_memberships_contains_paid_content":false,"footnotes":""},"categories":[678,676],"tags":[197,3572,696,33,19],"class_list":["post-117301","post","type-post","status-publish","format-standard","has-post-thumbnail","hentry","category-convocatorias","category-edictos","tag-buenos-aires","tag-convocatoria-a-asamblea-general-ordinaria-del-centro-de-comercio-e-industria-de-san-pedro","tag-interes-general","tag-locales","tag-san-pedro"],"aioseo_notices":[],"gutentor_comment":0,"jetpack_featured_media_url":"https:\/\/eldiariodesanpedro.com.ar\/sitio\/wp-content\/uploads\/2023\/04\/Centro-de-Comercio-Convocatoria-febrero-2023.jpg","jetpack_shortlink":"https:\/\/wp.me\/p6RhLt-uvX","jetpack_sharing_enabled":true,"_links":{"self":[{"href":"https:\/\/eldiariodesanpedro.com.ar\/sitio\/wp-json\/wp\/v2\/posts\/117301","targetHints":{"allow":["GET"]}}],"collection":[{"href":"https:\/\/eldiariodesanpedro.com.ar\/sitio\/wp-json\/wp\/v2\/posts"}],"about":[{"href":"https:\/\/eldiariodesanpedro.com.ar\/sitio\/wp-json\/wp\/v2\/types\/post"}],"author":[{"embeddable":true,"href":"https:\/\/eldiariodesanpedro.com.ar\/sitio\/wp-json\/wp\/v2\/users\/4"}],"replies":[{"embeddable":true,"href":"https:\/\/eldiariodesanpedro.com.ar\/sitio\/wp-json\/wp\/v2\/comments?post=117301"}],"version-history":[{"count":1,"href":"https:\/\/eldiariodesanpedro.com.ar\/sitio\/wp-json\/wp\/v2\/posts\/117301\/revisions"}],"predecessor-version":[{"id":117303,"href":"https:\/\/eldiariodesanpedro.com.ar\/sitio\/wp-json\/wp\/v2\/posts\/117301\/revisions\/117303"}],"wp:featuredmedia":[{"embeddable":true,"href":"https:\/\/eldiariodesanpedro.com.ar\/sitio\/wp-json\/wp\/v2\/media\/117302"}],"wp:attachment":[{"href":"https:\/\/eldiariodesanpedro.com.ar\/sitio\/wp-json\/wp\/v2\/media?parent=117301"}],"wp:term":[{"taxonomy":"category","embeddable":true,"href":"https:\/\/eldiariodesanpedro.com.ar\/sitio\/wp-json\/wp\/v2\/categories?post=117301"},{"taxonomy":"post_tag","embeddable":true,"href":"https:\/\/eldiariodesanpedro.com.ar\/sitio\/wp-json\/wp\/v2\/tags?post=117301"}],"curies":[{"name":"wp","href":"https:\/\/api.w.org\/{rel}","templated":true}]}}