{"id":117289,"date":"2023-04-21T09:57:16","date_gmt":"2023-04-21T12:57:16","guid":{"rendered":"https:\/\/eldiariodesanpedro.com.ar\/sitio\/?p=117289"},"modified":"2023-04-21T09:57:18","modified_gmt":"2023-04-21T12:57:18","slug":"actividades-para-adultos-mayores","status":"publish","type":"post","link":"https:\/\/eldiariodesanpedro.com.ar\/sitio\/actividades-para-adultos-mayores\/","title":{"rendered":"Actividades para adultos mayores"},"content":{"rendered":"<!-- VideographyWP Plugin Message: Automatic video embedding prevented by plugin options. -->\n\n<p>El \u00e1rea de adultos mayores de la Secretar\u00eda de Desarrollo Humano informa que est\u00e1n en marcha nuevas actividades en San Pedro y las localidades con gimnasia, caminatas y yoga. Esta propuesta es libre y gratuita.<\/p>\n\n\n\n<p>Gimnasia funcional para adultos mayores, caminatas y yoga<\/p>\n\n\n\n<p>Rio Tala<br>Club de Jubilados y Pensionados: lunes 10hs.<\/p>\n\n\n\n<p>Gobernador Castro<br>Club de Jubilados y Pensionados: Lunes 17:15hs.<\/p>\n\n\n\n<p>Centro de Jubilados y Pensionados (Salta y 9 de julio)<br>Gimnasia: Martes 16hs. Informes: 3329-643414<br>Yoga: Mi\u00e9rcoles 10hs. Informes: 3329-506423<\/p>\n\n\n\n<p>Centro de Jubilados y Pensionados de 3 de febrero<br>Gimnasia: Mi\u00e9rcoles 8:50hs y Jueves 10:15hs.<br>Informes en la sede.<\/p>\n\n\n\n<p>Centro de Jubilados y Pensionados de Los Aromos<br>Gimnasia: Mi\u00e9rcoles 10hs.<br>Yoga: Jueves 10hs.<\/p>\n\n\n\n<p>CIC<br>Gimnasia: Martes 10hs.<br>Yoga: Martes 14:30hs y Jueves 14:10<br>Alfabetizaci\u00f3n digital (Uso del celular, gesti\u00f3n de turnos, seguridad de datos): Martes y Jueves 8hs.<\/p>\n\n\n\n<p>Sede Depietri<br>Gimnasia y\/o caminata: Martes 9hs y Jueves 16:30hs.<br>Cooperativa Las Canaletas<br>Gimnasia y\/o caminata: (Consultar de 15 a 17hs.)<\/p>\n\n\n\n<p>CPA<br>Lavalle 1087 (San Pedro)<br>Gimnasia: Mi\u00e9rcoles 10hs. (Informes de 9 a 12hs.)<\/p>\n\n\n\n<p>Para m\u00e1s informaci\u00f3n dirigirse a los centros de jubilados o buscar detalles en las redes sociales oficiales de la Municipalidad de San Pedro.<\/p>\n","protected":false},"excerpt":{"rendered":"<p>El \u00e1rea de adultos mayores de la Secretar\u00eda de Desarrollo Humano informa que est\u00e1n en marcha nuevas actividades en San Pedro y las localidades con gimnasia, caminatas y yoga. Esta propuesta es libre y gratuita. Gimnasia funcional para adultos mayores, caminatas y yoga Rio TalaClub de Jubilados y Pensionados: lunes 10hs. Gobernador CastroClub de Jubilados [&hellip;]<\/p>\n","protected":false},"author":4,"featured_media":117290,"comment_status":"closed","ping_status":"closed","sticky":false,"template":"","format":"standard","meta":{"om_disable_all_campaigns":false,"_jetpack_memberships_contains_paid_content":false,"footnotes":""},"categories":[101,2],"tags":[197,696,33,19],"class_list":["post-117289","post","type-post","status-publish","format-standard","has-post-thumbnail","hentry","category-interes-general-locales","category-locales","tag-buenos-aires","tag-interes-general","tag-locales","tag-san-pedro"],"aioseo_notices":[],"gutentor_comment":0,"jetpack_featured_media_url":"https:\/\/eldiariodesanpedro.com.ar\/sitio\/wp-content\/uploads\/2023\/04\/actividades-adultos-mayores.jpg","jetpack_shortlink":"https:\/\/wp.me\/p6RhLt-uvL","jetpack_sharing_enabled":true,"_links":{"self":[{"href":"https:\/\/eldiariodesanpedro.com.ar\/sitio\/wp-json\/wp\/v2\/posts\/117289","targetHints":{"allow":["GET"]}}],"collection":[{"href":"https:\/\/eldiariodesanpedro.com.ar\/sitio\/wp-json\/wp\/v2\/posts"}],"about":[{"href":"https:\/\/eldiariodesanpedro.com.ar\/sitio\/wp-json\/wp\/v2\/types\/post"}],"author":[{"embeddable":true,"href":"https:\/\/eldiariodesanpedro.com.ar\/sitio\/wp-json\/wp\/v2\/users\/4"}],"replies":[{"embeddable":true,"href":"https:\/\/eldiariodesanpedro.com.ar\/sitio\/wp-json\/wp\/v2\/comments?post=117289"}],"version-history":[{"count":1,"href":"https:\/\/eldiariodesanpedro.com.ar\/sitio\/wp-json\/wp\/v2\/posts\/117289\/revisions"}],"predecessor-version":[{"id":117291,"href":"https:\/\/eldiariodesanpedro.com.ar\/sitio\/wp-json\/wp\/v2\/posts\/117289\/revisions\/117291"}],"wp:featuredmedia":[{"embeddable":true,"href":"https:\/\/eldiariodesanpedro.com.ar\/sitio\/wp-json\/wp\/v2\/media\/117290"}],"wp:attachment":[{"href":"https:\/\/eldiariodesanpedro.com.ar\/sitio\/wp-json\/wp\/v2\/media?parent=117289"}],"wp:term":[{"taxonomy":"category","embeddable":true,"href":"https:\/\/eldiariodesanpedro.com.ar\/sitio\/wp-json\/wp\/v2\/categories?post=117289"},{"taxonomy":"post_tag","embeddable":true,"href":"https:\/\/eldiariodesanpedro.com.ar\/sitio\/wp-json\/wp\/v2\/tags?post=117289"}],"curies":[{"name":"wp","href":"https:\/\/api.w.org\/{rel}","templated":true}]}}