{"id":117286,"date":"2023-04-20T21:44:56","date_gmt":"2023-04-21T00:44:56","guid":{"rendered":"https:\/\/eldiariodesanpedro.com.ar\/sitio\/?p=117286"},"modified":"2023-04-20T21:44:58","modified_gmt":"2023-04-21T00:44:58","slug":"final-de-temporada-de-fruta-de-carozo-magnifresh-sa","status":"publish","type":"post","link":"https:\/\/eldiariodesanpedro.com.ar\/sitio\/final-de-temporada-de-fruta-de-carozo-magnifresh-sa\/","title":{"rendered":"Final de temporada de fruta de carozo Magnifresh SA"},"content":{"rendered":"<!-- VideographyWP Plugin Message: Automatic video embedding prevented by plugin options. -->\n\n<p class=\"has-text-align-center\"><strong>MAGNIFRESH S.A.<\/strong><\/p>\n\n\n\n<p>La empresa notifica por este medio a todo el personal que el d\u00eda 22\/04\/2023 finaliza la temporada de fruta de carozo del per\u00edodo 2022 \u2013 2023, produciendo la extinci\u00f3n de los contratos correspondientes. <\/p>\n\n\n\n<p>Se notifica la finalizaci\u00f3n de la misma dando cumplimiento con lo determinado en la ley 20.744.<\/p>\n\n\n\n<p>(Publicaci\u00f3n V\u00e1lida por el d\u00eda 20, 21 y 22 de abril de 2023)<\/p>\n","protected":false},"excerpt":{"rendered":"<p>MAGNIFRESH S.A. La empresa notifica por este medio a todo el personal que el d\u00eda 22\/04\/2023 finaliza la temporada de fruta de carozo del per\u00edodo 2022 \u2013 2023, produciendo la extinci\u00f3n de los contratos correspondientes. Se notifica la finalizaci\u00f3n de la misma dando cumplimiento con lo determinado en la ley 20.744. (Publicaci\u00f3n V\u00e1lida por el [&hellip;]<\/p>\n","protected":false},"author":4,"featured_media":117287,"comment_status":"closed","ping_status":"closed","sticky":false,"template":"","format":"standard","meta":{"om_disable_all_campaigns":false,"_jetpack_memberships_contains_paid_content":false,"footnotes":""},"categories":[678,676],"tags":[197,3571,1355,19],"class_list":["post-117286","post","type-post","status-publish","format-standard","has-post-thumbnail","hentry","category-convocatorias","category-edictos","tag-buenos-aires","tag-final-de-temporada-de-fruta-de-carozo-magnifresh-sa","tag-judiciales","tag-san-pedro"],"aioseo_notices":[],"gutentor_comment":0,"jetpack_featured_media_url":"https:\/\/eldiariodesanpedro.com.ar\/sitio\/wp-content\/uploads\/2023\/04\/Magnifresh-abril-2023.jpg","jetpack_shortlink":"https:\/\/wp.me\/p6RhLt-uvI","jetpack_sharing_enabled":true,"_links":{"self":[{"href":"https:\/\/eldiariodesanpedro.com.ar\/sitio\/wp-json\/wp\/v2\/posts\/117286","targetHints":{"allow":["GET"]}}],"collection":[{"href":"https:\/\/eldiariodesanpedro.com.ar\/sitio\/wp-json\/wp\/v2\/posts"}],"about":[{"href":"https:\/\/eldiariodesanpedro.com.ar\/sitio\/wp-json\/wp\/v2\/types\/post"}],"author":[{"embeddable":true,"href":"https:\/\/eldiariodesanpedro.com.ar\/sitio\/wp-json\/wp\/v2\/users\/4"}],"replies":[{"embeddable":true,"href":"https:\/\/eldiariodesanpedro.com.ar\/sitio\/wp-json\/wp\/v2\/comments?post=117286"}],"version-history":[{"count":1,"href":"https:\/\/eldiariodesanpedro.com.ar\/sitio\/wp-json\/wp\/v2\/posts\/117286\/revisions"}],"predecessor-version":[{"id":117288,"href":"https:\/\/eldiariodesanpedro.com.ar\/sitio\/wp-json\/wp\/v2\/posts\/117286\/revisions\/117288"}],"wp:featuredmedia":[{"embeddable":true,"href":"https:\/\/eldiariodesanpedro.com.ar\/sitio\/wp-json\/wp\/v2\/media\/117287"}],"wp:attachment":[{"href":"https:\/\/eldiariodesanpedro.com.ar\/sitio\/wp-json\/wp\/v2\/media?parent=117286"}],"wp:term":[{"taxonomy":"category","embeddable":true,"href":"https:\/\/eldiariodesanpedro.com.ar\/sitio\/wp-json\/wp\/v2\/categories?post=117286"},{"taxonomy":"post_tag","embeddable":true,"href":"https:\/\/eldiariodesanpedro.com.ar\/sitio\/wp-json\/wp\/v2\/tags?post=117286"}],"curies":[{"name":"wp","href":"https:\/\/api.w.org\/{rel}","templated":true}]}}