{"id":117276,"date":"2023-04-20T19:49:57","date_gmt":"2023-04-20T22:49:57","guid":{"rendered":"https:\/\/eldiariodesanpedro.com.ar\/sitio\/?p=117276"},"modified":"2023-04-20T19:49:58","modified_gmt":"2023-04-20T22:49:58","slug":"con-la-presencia-de-carlos-bianco-se-entregaron-142-escrituras-a-vecinos-de-san-pedro","status":"publish","type":"post","link":"https:\/\/eldiariodesanpedro.com.ar\/sitio\/con-la-presencia-de-carlos-bianco-se-entregaron-142-escrituras-a-vecinos-de-san-pedro\/","title":{"rendered":"Con la presencia de Carlos Bianco se entregaron 142 escrituras a vecinos de San Pedro"},"content":{"rendered":"<!-- VideographyWP Plugin Message: Automatic video embedding prevented by plugin options. -->\n\n<p>El programa \u00abMi escritura, mi casa\u00bb del Gobierno de la Provincia de Buenos Aires, a trav\u00e9s del Ministerio de Justicia y Derechos Humanos, entreg\u00f3 hoy un total de 258 escrituras a familias de Exaltaci\u00f3n de la Cruz, Baradero y San Pedro. Carlos Bianco, jefe de Asesores del Gobernador, lider\u00f3 la ceremonia de entrega, en la que tambi\u00e9n participaron los intendentes de los tres municipios beneficiados.<\/p>\n\n\n\n<p>En el Sal\u00f3n Dorado del municipio de San Pedro, 142 escrituras fueron entregadas a las familias locales, quienes ahora podr\u00e1n ser los leg\u00edtimos due\u00f1os de sus hogares. En sus declaraciones, Bianco afirm\u00f3 que la entrega de estas escrituras se hizo necesaria debido a la falta de decisi\u00f3n pol\u00edtica en el pasado. El intendente Salazar, por su parte, agradeci\u00f3 el trabajo del gobierno y prometi\u00f3 continuar con esta importante actividad.<\/p>\n\n\n\n<p>Salazar afirm\u00f3: \u201cVamos a seguir trabajando, porque esto no termina hoy. Hay instrucciones precisas del Gobernador para que se siga con esta actividad que realmente es muy importante para todos los vecinos y las vecinas\u201d<\/p>\n\n\n\n<p>El programa \u00abMi escritura, mi casa\u00bb tiene como objetivo garantizar el derecho de las y los bonaerenses a ser los leg\u00edtimos due\u00f1os de sus hogares. A trav\u00e9s de esta iniciativa, se ayuda a las familias que poseen una vivienda propia, pero que no cuentan con los recursos necesarios para afrontar los costos de una escriban\u00eda, a acceder de forma totalmente gratuita a su t\u00edtulo de propiedad.<\/p>\n\n\n\n<p>En definitiva, se trata de una iniciativa que busca mejorar la calidad de vida de los habitantes de la provincia de Buenos Aires y que ha sido muy bien recibida por la comunidad.<\/p>\n\n\n\n<iframe data-src=\"https:\/\/www.facebook.com\/plugins\/video.php?height=314&#038;href=https%3A%2F%2Fwww.facebook.com%2Fdiariosp2%2Fvideos%2F623078919271354%2F&#038;show_text=false&#038;width=560&#038;t=0\" width=\"560\" height=\"314\" style=\"border:none;overflow:hidden\" scrolling=\"no\" frameborder=\"0\" allowfullscreen=\"true\" allow=\"autoplay; clipboard-write; encrypted-media; picture-in-picture; web-share\" allowFullScreen=\"true\" src=\"data:image\/svg+xml;base64,PHN2ZyB3aWR0aD0iMSIgaGVpZ2h0PSIxIiB4bWxucz0iaHR0cDovL3d3dy53My5vcmcvMjAwMC9zdmciPjwvc3ZnPg==\" class=\"lazyload\" data-load-mode=\"1\"><\/iframe>\n\n\n\n<figure class=\"wp-block-image size-full\"><img decoding=\"async\" width=\"947\" height=\"630\" data-attachment-id=\"117277\" data-permalink=\"https:\/\/eldiariodesanpedro.com.ar\/sitio\/con-la-presencia-de-carlos-bianco-se-entregaron-142-escrituras-a-vecinos-de-san-pedro\/dsc_1125\/\" data-orig-file=\"https:\/\/eldiariodesanpedro.com.ar\/sitio\/wp-content\/uploads\/2023\/04\/DSC_1125.jpg\" data-orig-size=\"947,630\" data-comments-opened=\"0\" data-image-meta=\"{&quot;aperture&quot;:&quot;3.2&quot;,&quot;credit&quot;:&quot;&quot;,&quot;camera&quot;:&quot;NIKON D780&quot;,&quot;caption&quot;:&quot;&quot;,&quot;created_timestamp&quot;:&quot;1682019450&quot;,&quot;copyright&quot;:&quot;&quot;,&quot;focal_length&quot;:&quot;70&quot;,&quot;iso&quot;:&quot;2500&quot;,&quot;shutter_speed&quot;:&quot;0.005&quot;,&quot;title&quot;:&quot;&quot;,&quot;orientation&quot;:&quot;0&quot;}\" data-image-title=\"DSC_1125\" data-image-description=\"\" data-image-caption=\"\" data-large-file=\"https:\/\/eldiariodesanpedro.com.ar\/sitio\/wp-content\/uploads\/2023\/04\/DSC_1125.jpg\" data-src=\"https:\/\/eldiariodesanpedro.com.ar\/sitio\/wp-content\/uploads\/2023\/04\/DSC_1125.jpg\" alt=\"\" class=\"wp-image-117277 lazyload\" data-srcset=\"https:\/\/eldiariodesanpedro.com.ar\/sitio\/wp-content\/uploads\/2023\/04\/DSC_1125.jpg 947w, https:\/\/eldiariodesanpedro.com.ar\/sitio\/wp-content\/uploads\/2023\/04\/DSC_1125-300x200.jpg 300w, https:\/\/eldiariodesanpedro.com.ar\/sitio\/wp-content\/uploads\/2023\/04\/DSC_1125-768x511.jpg 768w\" data-sizes=\"(max-width: 947px) 100vw, 947px\" src=\"data:image\/svg+xml;base64,PHN2ZyB3aWR0aD0iMSIgaGVpZ2h0PSIxIiB4bWxucz0iaHR0cDovL3d3dy53My5vcmcvMjAwMC9zdmciPjwvc3ZnPg==\" style=\"--smush-placeholder-width: 947px; --smush-placeholder-aspect-ratio: 947\/630;\" \/><\/figure>\n\n\n\n<figure class=\"wp-block-image size-full\"><img decoding=\"async\" width=\"947\" height=\"630\" data-attachment-id=\"117278\" data-permalink=\"https:\/\/eldiariodesanpedro.com.ar\/sitio\/con-la-presencia-de-carlos-bianco-se-entregaron-142-escrituras-a-vecinos-de-san-pedro\/dsc_1496\/\" data-orig-file=\"https:\/\/eldiariodesanpedro.com.ar\/sitio\/wp-content\/uploads\/2023\/04\/DSC_1496.jpg\" data-orig-size=\"947,630\" data-comments-opened=\"0\" data-image-meta=\"{&quot;aperture&quot;:&quot;3.2&quot;,&quot;credit&quot;:&quot;&quot;,&quot;camera&quot;:&quot;NIKON D780&quot;,&quot;caption&quot;:&quot;&quot;,&quot;created_timestamp&quot;:&quot;1682020514&quot;,&quot;copyright&quot;:&quot;&quot;,&quot;focal_length&quot;:&quot;40&quot;,&quot;iso&quot;:&quot;3200&quot;,&quot;shutter_speed&quot;:&quot;0.005&quot;,&quot;title&quot;:&quot;&quot;,&quot;orientation&quot;:&quot;0&quot;}\" data-image-title=\"DSC_1496\" data-image-description=\"\" data-image-caption=\"\" data-large-file=\"https:\/\/eldiariodesanpedro.com.ar\/sitio\/wp-content\/uploads\/2023\/04\/DSC_1496.jpg\" data-src=\"https:\/\/eldiariodesanpedro.com.ar\/sitio\/wp-content\/uploads\/2023\/04\/DSC_1496.jpg\" alt=\"\" class=\"wp-image-117278 lazyload\" data-srcset=\"https:\/\/eldiariodesanpedro.com.ar\/sitio\/wp-content\/uploads\/2023\/04\/DSC_1496.jpg 947w, https:\/\/eldiariodesanpedro.com.ar\/sitio\/wp-content\/uploads\/2023\/04\/DSC_1496-300x200.jpg 300w, https:\/\/eldiariodesanpedro.com.ar\/sitio\/wp-content\/uploads\/2023\/04\/DSC_1496-768x511.jpg 768w\" data-sizes=\"(max-width: 947px) 100vw, 947px\" src=\"data:image\/svg+xml;base64,PHN2ZyB3aWR0aD0iMSIgaGVpZ2h0PSIxIiB4bWxucz0iaHR0cDovL3d3dy53My5vcmcvMjAwMC9zdmciPjwvc3ZnPg==\" style=\"--smush-placeholder-width: 947px; --smush-placeholder-aspect-ratio: 947\/630;\" \/><\/figure>\n","protected":false},"excerpt":{"rendered":"<p>El programa \u00abMi escritura, mi casa\u00bb del Gobierno de la Provincia de Buenos Aires, a trav\u00e9s del Ministerio de Justicia y Derechos Humanos, entreg\u00f3 hoy un total de 258 escrituras a familias de Exaltaci\u00f3n de la Cruz, Baradero y San Pedro. Carlos Bianco, jefe de Asesores del Gobernador, lider\u00f3 la ceremonia de entrega, en la [&hellip;]<\/p>\n","protected":false},"author":4,"featured_media":117279,"comment_status":"closed","ping_status":"closed","sticky":false,"template":"","format":"standard","meta":{"om_disable_all_campaigns":false,"_jetpack_memberships_contains_paid_content":false,"footnotes":""},"categories":[50,101,2],"tags":[197,3568,19],"class_list":["post-117276","post","type-post","status-publish","format-standard","has-post-thumbnail","hentry","category-destacadas","category-interes-general-locales","category-locales","tag-buenos-aires","tag-con-la-presencia-de-carlos-bianco-se-entregaron-142-escrituras-a-vecinos-de-san-pedro","tag-san-pedro"],"aioseo_notices":[],"gutentor_comment":0,"jetpack_featured_media_url":"https:\/\/eldiariodesanpedro.com.ar\/sitio\/wp-content\/uploads\/2023\/04\/DSC_1813.jpg","jetpack_shortlink":"https:\/\/wp.me\/p6RhLt-uvy","jetpack_sharing_enabled":true,"_links":{"self":[{"href":"https:\/\/eldiariodesanpedro.com.ar\/sitio\/wp-json\/wp\/v2\/posts\/117276","targetHints":{"allow":["GET"]}}],"collection":[{"href":"https:\/\/eldiariodesanpedro.com.ar\/sitio\/wp-json\/wp\/v2\/posts"}],"about":[{"href":"https:\/\/eldiariodesanpedro.com.ar\/sitio\/wp-json\/wp\/v2\/types\/post"}],"author":[{"embeddable":true,"href":"https:\/\/eldiariodesanpedro.com.ar\/sitio\/wp-json\/wp\/v2\/users\/4"}],"replies":[{"embeddable":true,"href":"https:\/\/eldiariodesanpedro.com.ar\/sitio\/wp-json\/wp\/v2\/comments?post=117276"}],"version-history":[{"count":1,"href":"https:\/\/eldiariodesanpedro.com.ar\/sitio\/wp-json\/wp\/v2\/posts\/117276\/revisions"}],"predecessor-version":[{"id":117280,"href":"https:\/\/eldiariodesanpedro.com.ar\/sitio\/wp-json\/wp\/v2\/posts\/117276\/revisions\/117280"}],"wp:featuredmedia":[{"embeddable":true,"href":"https:\/\/eldiariodesanpedro.com.ar\/sitio\/wp-json\/wp\/v2\/media\/117279"}],"wp:attachment":[{"href":"https:\/\/eldiariodesanpedro.com.ar\/sitio\/wp-json\/wp\/v2\/media?parent=117276"}],"wp:term":[{"taxonomy":"category","embeddable":true,"href":"https:\/\/eldiariodesanpedro.com.ar\/sitio\/wp-json\/wp\/v2\/categories?post=117276"},{"taxonomy":"post_tag","embeddable":true,"href":"https:\/\/eldiariodesanpedro.com.ar\/sitio\/wp-json\/wp\/v2\/tags?post=117276"}],"curies":[{"name":"wp","href":"https:\/\/api.w.org\/{rel}","templated":true}]}}