{"id":117273,"date":"2023-04-20T19:29:38","date_gmt":"2023-04-20T22:29:38","guid":{"rendered":"https:\/\/eldiariodesanpedro.com.ar\/sitio\/?p=117273"},"modified":"2023-04-20T19:29:39","modified_gmt":"2023-04-20T22:29:39","slug":"mujer-que-hirio-a-otra-el-dia-de-la-mujer-queda-en-libertad-pero-con-restricciones","status":"publish","type":"post","link":"https:\/\/eldiariodesanpedro.com.ar\/sitio\/mujer-que-hirio-a-otra-el-dia-de-la-mujer-queda-en-libertad-pero-con-restricciones\/","title":{"rendered":"Mujer que hiri\u00f3 a otra el Dia de La Mujer queda en libertad pero con restricciones"},"content":{"rendered":"<!-- VideographyWP Plugin Message: Automatic video embedding prevented by plugin options. -->\n\n<p>El 8 de marzo, una mujer identificada como Romina Magal\u00ed Gim\u00e9nez (25) hiri\u00f3 a Angeles Mindurry (24) con tres puntazos, dos en el dorso del t\u00f3rax y uno en el rostro, en Nieto de Torres y Hermano Indio. <\/p>\n\n\n\n<p>Mindurry tuvo que ser asistida en el hospital local y permaneci\u00f3 internada hasta su recuperaci\u00f3n. Despu\u00e9s de una investigaci\u00f3n, la Justicia liber\u00f3 a Gim\u00e9nez pero impuso una serie de restricciones. <\/p>\n\n\n\n<p>En particular, se le prohibi\u00f3 acercarse a menos de 200 metros del domicilio de Mindurry y de la sede de la agrupaci\u00f3n Eva Per\u00f3n de San Pedro a la que ella asiste. <\/p>\n\n\n\n<p>Tambi\u00e9n se le prohibi\u00f3 cualquier tipo de contacto con Mindurry, incluyendo redes sociales y mensajes de texto o WhatsApp. La causa se caratul\u00f3 como \u00ablesiones graves\u00bb en lugar de \u00abhomicidio en grado de tentativa\u00bb, lo que permiti\u00f3 la excarcelaci\u00f3n de Gim\u00e9nez.<\/p>\n","protected":false},"excerpt":{"rendered":"<p>El 8 de marzo, una mujer identificada como Romina Magal\u00ed Gim\u00e9nez (25) hiri\u00f3 a Angeles Mindurry (24) con tres puntazos, dos en el dorso del t\u00f3rax y uno en el rostro, en Nieto de Torres y Hermano Indio. Mindurry tuvo que ser asistida en el hospital local y permaneci\u00f3 internada hasta su recuperaci\u00f3n. Despu\u00e9s de [&hellip;]<\/p>\n","protected":false},"author":4,"featured_media":117274,"comment_status":"closed","ping_status":"closed","sticky":false,"template":"","format":"standard","meta":{"om_disable_all_campaigns":false,"_jetpack_memberships_contains_paid_content":false,"footnotes":""},"categories":[50,2,103],"tags":[197,33,95,19],"class_list":["post-117273","post","type-post","status-publish","format-standard","has-post-thumbnail","hentry","category-destacadas","category-locales","category-policiales-locales","tag-buenos-aires","tag-locales","tag-policiales","tag-san-pedro"],"aioseo_notices":[],"gutentor_comment":0,"jetpack_featured_media_url":"https:\/\/eldiariodesanpedro.com.ar\/sitio\/wp-content\/uploads\/2023\/04\/medida-1-5.jpg","jetpack_shortlink":"https:\/\/wp.me\/p6RhLt-uvv","jetpack_sharing_enabled":true,"_links":{"self":[{"href":"https:\/\/eldiariodesanpedro.com.ar\/sitio\/wp-json\/wp\/v2\/posts\/117273","targetHints":{"allow":["GET"]}}],"collection":[{"href":"https:\/\/eldiariodesanpedro.com.ar\/sitio\/wp-json\/wp\/v2\/posts"}],"about":[{"href":"https:\/\/eldiariodesanpedro.com.ar\/sitio\/wp-json\/wp\/v2\/types\/post"}],"author":[{"embeddable":true,"href":"https:\/\/eldiariodesanpedro.com.ar\/sitio\/wp-json\/wp\/v2\/users\/4"}],"replies":[{"embeddable":true,"href":"https:\/\/eldiariodesanpedro.com.ar\/sitio\/wp-json\/wp\/v2\/comments?post=117273"}],"version-history":[{"count":1,"href":"https:\/\/eldiariodesanpedro.com.ar\/sitio\/wp-json\/wp\/v2\/posts\/117273\/revisions"}],"predecessor-version":[{"id":117275,"href":"https:\/\/eldiariodesanpedro.com.ar\/sitio\/wp-json\/wp\/v2\/posts\/117273\/revisions\/117275"}],"wp:featuredmedia":[{"embeddable":true,"href":"https:\/\/eldiariodesanpedro.com.ar\/sitio\/wp-json\/wp\/v2\/media\/117274"}],"wp:attachment":[{"href":"https:\/\/eldiariodesanpedro.com.ar\/sitio\/wp-json\/wp\/v2\/media?parent=117273"}],"wp:term":[{"taxonomy":"category","embeddable":true,"href":"https:\/\/eldiariodesanpedro.com.ar\/sitio\/wp-json\/wp\/v2\/categories?post=117273"},{"taxonomy":"post_tag","embeddable":true,"href":"https:\/\/eldiariodesanpedro.com.ar\/sitio\/wp-json\/wp\/v2\/tags?post=117273"}],"curies":[{"name":"wp","href":"https:\/\/api.w.org\/{rel}","templated":true}]}}