{"id":117271,"date":"2023-04-20T19:10:14","date_gmt":"2023-04-20T22:10:14","guid":{"rendered":"https:\/\/eldiariodesanpedro.com.ar\/sitio\/?p=117271"},"modified":"2023-04-20T19:10:16","modified_gmt":"2023-04-20T22:10:16","slug":"el-intendente-cecilio-salazar-se-reunira-con-representantes-de-arcor-la-semana-siguiente-para-llegar-a-un-acuerdo","status":"publish","type":"post","link":"https:\/\/eldiariodesanpedro.com.ar\/sitio\/el-intendente-cecilio-salazar-se-reunira-con-representantes-de-arcor-la-semana-siguiente-para-llegar-a-un-acuerdo\/","title":{"rendered":"El intendente Cecilio Salazar se reunir\u00e1 con representantes de Arcor la semana siguiente para llegar a un acuerdo"},"content":{"rendered":"<!-- VideographyWP Plugin Message: Automatic video embedding prevented by plugin options. -->\n\n<p>El Intendente Cecilio Salazar se refiri\u00f3 a la situaci\u00f3n de las 84 viviendas que se est\u00e1n construyendo en el barrio Depietri, luego de que se conociera que la Justicia dictara una medida cautelar para invalidar el sorteo de adjudicatarios llevado a cabo en febrero pasado. El Intendente aclar\u00f3 que la medida cautelar no define la cuesti\u00f3n de fondo y que el municipio se est\u00e1 preparando legalmente para afrontar la situaci\u00f3n, aunque a\u00fan no ha recibido la notificaci\u00f3n.<\/p>\n\n\n\n<p>Salazar tambi\u00e9n inform\u00f3 que estuvo en contacto con la empresa encargada de la obra y que acord\u00f3 una reuni\u00f3n para la pr\u00f3xima semana. El Intendente se mostr\u00f3 dispuesto a hacer todo el esfuerzo necesario para llegar a un acuerdo con la empresa, mientras que confirm\u00f3 que la obra se seguir\u00e1 haciendo.<\/p>\n\n\n\n<p>El Intendente consider\u00f3 que el sorteo de adjudicatarios fue apresurado, ya que a\u00fan faltan unos meses para que las obras concluyan. A pesar de esto, Salazar manifest\u00f3 que la construcci\u00f3n de las viviendas continuar\u00e1. Se espera que en los pr\u00f3ximos d\u00edas se conozcan m\u00e1s detalles sobre la situaci\u00f3n y se puedan tomar las medidas necesarias para resolver el conflicto.<\/p>\n","protected":false},"excerpt":{"rendered":"<p>El Intendente Cecilio Salazar se refiri\u00f3 a la situaci\u00f3n de las 84 viviendas que se est\u00e1n construyendo en el barrio Depietri, luego de que se conociera que la Justicia dictara una medida cautelar para invalidar el sorteo de adjudicatarios llevado a cabo en febrero pasado. El Intendente aclar\u00f3 que la medida cautelar no define la [&hellip;]<\/p>\n","protected":false},"author":4,"featured_media":60912,"comment_status":"closed","ping_status":"closed","sticky":false,"template":"","format":"standard","meta":{"om_disable_all_campaigns":false,"_jetpack_memberships_contains_paid_content":false,"footnotes":""},"categories":[50,101,2],"tags":[197,696,33,19],"class_list":["post-117271","post","type-post","status-publish","format-standard","has-post-thumbnail","hentry","category-destacadas","category-interes-general-locales","category-locales","tag-buenos-aires","tag-interes-general","tag-locales","tag-san-pedro"],"aioseo_notices":[],"gutentor_comment":0,"jetpack_featured_media_url":"https:\/\/eldiariodesanpedro.com.ar\/sitio\/wp-content\/uploads\/2019\/09\/SALAZAR.jpg","jetpack_shortlink":"https:\/\/wp.me\/p6RhLt-uvt","jetpack_sharing_enabled":true,"_links":{"self":[{"href":"https:\/\/eldiariodesanpedro.com.ar\/sitio\/wp-json\/wp\/v2\/posts\/117271","targetHints":{"allow":["GET"]}}],"collection":[{"href":"https:\/\/eldiariodesanpedro.com.ar\/sitio\/wp-json\/wp\/v2\/posts"}],"about":[{"href":"https:\/\/eldiariodesanpedro.com.ar\/sitio\/wp-json\/wp\/v2\/types\/post"}],"author":[{"embeddable":true,"href":"https:\/\/eldiariodesanpedro.com.ar\/sitio\/wp-json\/wp\/v2\/users\/4"}],"replies":[{"embeddable":true,"href":"https:\/\/eldiariodesanpedro.com.ar\/sitio\/wp-json\/wp\/v2\/comments?post=117271"}],"version-history":[{"count":1,"href":"https:\/\/eldiariodesanpedro.com.ar\/sitio\/wp-json\/wp\/v2\/posts\/117271\/revisions"}],"predecessor-version":[{"id":117272,"href":"https:\/\/eldiariodesanpedro.com.ar\/sitio\/wp-json\/wp\/v2\/posts\/117271\/revisions\/117272"}],"wp:featuredmedia":[{"embeddable":true,"href":"https:\/\/eldiariodesanpedro.com.ar\/sitio\/wp-json\/wp\/v2\/media\/60912"}],"wp:attachment":[{"href":"https:\/\/eldiariodesanpedro.com.ar\/sitio\/wp-json\/wp\/v2\/media?parent=117271"}],"wp:term":[{"taxonomy":"category","embeddable":true,"href":"https:\/\/eldiariodesanpedro.com.ar\/sitio\/wp-json\/wp\/v2\/categories?post=117271"},{"taxonomy":"post_tag","embeddable":true,"href":"https:\/\/eldiariodesanpedro.com.ar\/sitio\/wp-json\/wp\/v2\/tags?post=117271"}],"curies":[{"name":"wp","href":"https:\/\/api.w.org\/{rel}","templated":true}]}}