{"id":117268,"date":"2023-04-20T18:54:04","date_gmt":"2023-04-20T21:54:04","guid":{"rendered":"https:\/\/eldiariodesanpedro.com.ar\/sitio\/?p=117268"},"modified":"2023-04-20T18:54:05","modified_gmt":"2023-04-20T21:54:05","slug":"inician-obras-de-dragado-en-el-puerto-de-san-pedro-para-mejorar-su-capacidad-de-recepcion-de-embarcaciones","status":"publish","type":"post","link":"https:\/\/eldiariodesanpedro.com.ar\/sitio\/inician-obras-de-dragado-en-el-puerto-de-san-pedro-para-mejorar-su-capacidad-de-recepcion-de-embarcaciones\/","title":{"rendered":"Inician obras de dragado en el puerto de San Pedro para mejorar su capacidad de recepci\u00f3n de embarcaciones"},"content":{"rendered":"<!-- VideographyWP Plugin Message: Automatic video embedding prevented by plugin options. -->\n\n<p>Inician obras de dragado en el puerto de San Pedro a cargo de la empresa Romaport S.A. El proyecto contempla la remoci\u00f3n de un total de 130.000 m2 en el canal de acceso, la zona de maniobras y atraque del puerto. La obra se extender\u00e1 por un plazo de 60 d\u00edas corridos y garantizar\u00e1 una solera de 60 metros en el canal.<\/p>\n\n\n\n<p>Seg\u00fan el pliego t\u00e9cnico, el material a remover consiste en las t\u00edpicas composiciones del lugar, como limos livianos, arcillas, arenas de granulometr\u00edas variables, entre otros. La empresa adjudicataria deber\u00e1 realizar los estudios necesarios para conocer las caracter\u00edsticas de los suelos a extraer.<\/p>\n\n\n\n<p>El dragado se llevar\u00e1 a cabo a una profundidad de 9,80 metros desde el canal de acceso hasta el empalme con la v\u00eda navegable troncal. Adem\u00e1s, se incluir\u00e1 el frente del muelle cabecera, el sector de maniobras y la d\u00e1rsena de ultramar.<\/p>\n\n\n\n<p>La obra es de gran importancia para el puerto de San Pedro, ya que permitir\u00e1 mejorar la capacidad de recepci\u00f3n de embarcaciones y aumentar la eficiencia en las operaciones portuarias.<\/p>\n","protected":false},"excerpt":{"rendered":"<p>Inician obras de dragado en el puerto de San Pedro a cargo de la empresa Romaport S.A. El proyecto contempla la remoci\u00f3n de un total de 130.000 m2 en el canal de acceso, la zona de maniobras y atraque del puerto. La obra se extender\u00e1 por un plazo de 60 d\u00edas corridos y garantizar\u00e1 una [&hellip;]<\/p>\n","protected":false},"author":4,"featured_media":117269,"comment_status":"closed","ping_status":"closed","sticky":false,"template":"","format":"standard","meta":{"om_disable_all_campaigns":false,"_jetpack_memberships_contains_paid_content":false,"footnotes":""},"categories":[50,101,2],"tags":[197,696,33,19],"class_list":["post-117268","post","type-post","status-publish","format-standard","has-post-thumbnail","hentry","category-destacadas","category-interes-general-locales","category-locales","tag-buenos-aires","tag-interes-general","tag-locales","tag-san-pedro"],"aioseo_notices":[],"gutentor_comment":0,"jetpack_featured_media_url":"https:\/\/eldiariodesanpedro.com.ar\/sitio\/wp-content\/uploads\/2023\/04\/63d96b81b3c8f_700_432_.jpg","jetpack_shortlink":"https:\/\/wp.me\/p6RhLt-uvq","jetpack_sharing_enabled":true,"_links":{"self":[{"href":"https:\/\/eldiariodesanpedro.com.ar\/sitio\/wp-json\/wp\/v2\/posts\/117268","targetHints":{"allow":["GET"]}}],"collection":[{"href":"https:\/\/eldiariodesanpedro.com.ar\/sitio\/wp-json\/wp\/v2\/posts"}],"about":[{"href":"https:\/\/eldiariodesanpedro.com.ar\/sitio\/wp-json\/wp\/v2\/types\/post"}],"author":[{"embeddable":true,"href":"https:\/\/eldiariodesanpedro.com.ar\/sitio\/wp-json\/wp\/v2\/users\/4"}],"replies":[{"embeddable":true,"href":"https:\/\/eldiariodesanpedro.com.ar\/sitio\/wp-json\/wp\/v2\/comments?post=117268"}],"version-history":[{"count":1,"href":"https:\/\/eldiariodesanpedro.com.ar\/sitio\/wp-json\/wp\/v2\/posts\/117268\/revisions"}],"predecessor-version":[{"id":117270,"href":"https:\/\/eldiariodesanpedro.com.ar\/sitio\/wp-json\/wp\/v2\/posts\/117268\/revisions\/117270"}],"wp:featuredmedia":[{"embeddable":true,"href":"https:\/\/eldiariodesanpedro.com.ar\/sitio\/wp-json\/wp\/v2\/media\/117269"}],"wp:attachment":[{"href":"https:\/\/eldiariodesanpedro.com.ar\/sitio\/wp-json\/wp\/v2\/media?parent=117268"}],"wp:term":[{"taxonomy":"category","embeddable":true,"href":"https:\/\/eldiariodesanpedro.com.ar\/sitio\/wp-json\/wp\/v2\/categories?post=117268"},{"taxonomy":"post_tag","embeddable":true,"href":"https:\/\/eldiariodesanpedro.com.ar\/sitio\/wp-json\/wp\/v2\/tags?post=117268"}],"curies":[{"name":"wp","href":"https:\/\/api.w.org\/{rel}","templated":true}]}}