{"id":117264,"date":"2023-04-20T18:40:51","date_gmt":"2023-04-20T21:40:51","guid":{"rendered":"https:\/\/eldiariodesanpedro.com.ar\/sitio\/?p=117264"},"modified":"2023-04-20T18:42:58","modified_gmt":"2023-04-20T21:42:58","slug":"manana-cicop-relizara-sus-elecciones-generales","status":"publish","type":"post","link":"https:\/\/eldiariodesanpedro.com.ar\/sitio\/manana-cicop-relizara-sus-elecciones-generales\/","title":{"rendered":"Ma\u00f1ana CICOP realizar\u00e1 sus elecciones generales"},"content":{"rendered":"<!-- VideographyWP Plugin Message: Automatic video embedding prevented by plugin options. -->\n\n<p>El gremio CICOP, que agrupa a los profesionales de la carrera m\u00e9dico hospitalaria, comenz\u00f3 ayer sus elecciones generales de autoridades que se extender\u00e1n hasta este viernes. Tanto a nivel provincial como seccional, se presentar\u00e1 una lista unidad en estas elecciones.<\/p>\n\n\n\n<p>La lista de la provincia de Buenos Aires, encabezada por Pablo Maciel de la seccional San Mart\u00edn &#8211; La Plata, est\u00e1 acompa\u00f1ada por Silvana Scali, An\u00edbal Aristizabal y Micaela D&#8217;Ambra. Mientras tanto, la seccional municipal de San Pedro propone la continuidad de Silvia Garz\u00f3n, con la compa\u00f1\u00eda de Susana Gonzalo, Andr\u00e9s Chiarella y Gabriel Yocco, entre otros. Daniel Ureta y Adri\u00e1n Spotti estar\u00e1n en el Comit\u00e9 de \u00c9tica Gremial Seccional.<\/p>\n\n\n\n<p>Estas elecciones son de suma importancia para el gremio, ya que definir\u00e1n a las autoridades que dirigir\u00e1n la organizaci\u00f3n en los pr\u00f3ximos a\u00f1os. El resultado de las elecciones se conocer\u00e1 una vez finalizado el proceso electoral este viernes.<\/p>\n","protected":false},"excerpt":{"rendered":"<p>El gremio CICOP, que agrupa a los profesionales de la carrera m\u00e9dico hospitalaria, comenz\u00f3 ayer sus elecciones generales de autoridades que se extender\u00e1n hasta este viernes. Tanto a nivel provincial como seccional, se presentar\u00e1 una lista unidad en estas elecciones. La lista de la provincia de Buenos Aires, encabezada por Pablo Maciel de la seccional [&hellip;]<\/p>\n","protected":false},"author":4,"featured_media":117265,"comment_status":"closed","ping_status":"closed","sticky":false,"template":"","format":"standard","meta":{"om_disable_all_campaigns":false,"_jetpack_memberships_contains_paid_content":false,"footnotes":""},"categories":[101,2],"tags":[197,696,33,19],"class_list":["post-117264","post","type-post","status-publish","format-standard","has-post-thumbnail","hentry","category-interes-general-locales","category-locales","tag-buenos-aires","tag-interes-general","tag-locales","tag-san-pedro"],"aioseo_notices":[],"gutentor_comment":0,"jetpack_featured_media_url":"https:\/\/eldiariodesanpedro.com.ar\/sitio\/wp-content\/uploads\/2023\/04\/WhatsApp-Image-2023-04-20-at-11.11.59.jpeg","jetpack_shortlink":"https:\/\/wp.me\/p6RhLt-uvm","jetpack_sharing_enabled":true,"_links":{"self":[{"href":"https:\/\/eldiariodesanpedro.com.ar\/sitio\/wp-json\/wp\/v2\/posts\/117264","targetHints":{"allow":["GET"]}}],"collection":[{"href":"https:\/\/eldiariodesanpedro.com.ar\/sitio\/wp-json\/wp\/v2\/posts"}],"about":[{"href":"https:\/\/eldiariodesanpedro.com.ar\/sitio\/wp-json\/wp\/v2\/types\/post"}],"author":[{"embeddable":true,"href":"https:\/\/eldiariodesanpedro.com.ar\/sitio\/wp-json\/wp\/v2\/users\/4"}],"replies":[{"embeddable":true,"href":"https:\/\/eldiariodesanpedro.com.ar\/sitio\/wp-json\/wp\/v2\/comments?post=117264"}],"version-history":[{"count":2,"href":"https:\/\/eldiariodesanpedro.com.ar\/sitio\/wp-json\/wp\/v2\/posts\/117264\/revisions"}],"predecessor-version":[{"id":117267,"href":"https:\/\/eldiariodesanpedro.com.ar\/sitio\/wp-json\/wp\/v2\/posts\/117264\/revisions\/117267"}],"wp:featuredmedia":[{"embeddable":true,"href":"https:\/\/eldiariodesanpedro.com.ar\/sitio\/wp-json\/wp\/v2\/media\/117265"}],"wp:attachment":[{"href":"https:\/\/eldiariodesanpedro.com.ar\/sitio\/wp-json\/wp\/v2\/media?parent=117264"}],"wp:term":[{"taxonomy":"category","embeddable":true,"href":"https:\/\/eldiariodesanpedro.com.ar\/sitio\/wp-json\/wp\/v2\/categories?post=117264"},{"taxonomy":"post_tag","embeddable":true,"href":"https:\/\/eldiariodesanpedro.com.ar\/sitio\/wp-json\/wp\/v2\/tags?post=117264"}],"curies":[{"name":"wp","href":"https:\/\/api.w.org\/{rel}","templated":true}]}}