{"id":117261,"date":"2023-04-20T18:26:22","date_gmt":"2023-04-20T21:26:22","guid":{"rendered":"https:\/\/eldiariodesanpedro.com.ar\/sitio\/?p=117261"},"modified":"2023-04-20T18:26:24","modified_gmt":"2023-04-20T21:26:24","slug":"luciano-juahnt-deja-la-delegacion-de-santa-lucia","status":"publish","type":"post","link":"https:\/\/eldiariodesanpedro.com.ar\/sitio\/luciano-juahnt-deja-la-delegacion-de-santa-lucia\/","title":{"rendered":"Luciano Juahnt deja la delegaci\u00f3n de Santa Luc\u00eda"},"content":{"rendered":"<!-- VideographyWP Plugin Message: Automatic video embedding prevented by plugin options. -->\n\n<p>El funcionario dejar\u00e1 el cargo en las pr\u00f3ximas horas, mientras tanto se eval\u00faan algunas alternativas para designar a su reemplazante.<\/p>\n\n\n\n<p>Contin\u00faan los cambios en el equipo del Intendente Salazar.<\/p>\n\n\n\n<p>Hab\u00eda rumores de modificaciones en las delegaciones municipales de las localidades y una de ellas ya fue confirmada.<\/p>\n\n\n\n<p>El propio Intendente Cecilio Salazar adelant\u00f3 a San Pedro Informa que Luciano Juhant deja el cargo de Delegado Municipal mientras se barajan algunos nombres para designar al reemplazante.<\/p>\n\n\n\n<p>En las pr\u00f3ximas horas se conocer\u00e1 quien ser\u00e1 el designado aunque todo apunta a que el cargo recaer\u00e1 en una persona oriunda de la misma localidad.<\/p>\n","protected":false},"excerpt":{"rendered":"<p>El funcionario dejar\u00e1 el cargo en las pr\u00f3ximas horas, mientras tanto se eval\u00faan algunas alternativas para designar a su reemplazante. Contin\u00faan los cambios en el equipo del Intendente Salazar. Hab\u00eda rumores de modificaciones en las delegaciones municipales de las localidades y una de ellas ya fue confirmada. El propio Intendente Cecilio Salazar adelant\u00f3 a San [&hellip;]<\/p>\n","protected":false},"author":4,"featured_media":117262,"comment_status":"closed","ping_status":"closed","sticky":false,"template":"","format":"standard","meta":{"om_disable_all_campaigns":false,"_jetpack_memberships_contains_paid_content":false,"footnotes":""},"categories":[101,2],"tags":[197,696,33,19],"class_list":["post-117261","post","type-post","status-publish","format-standard","has-post-thumbnail","hentry","category-interes-general-locales","category-locales","tag-buenos-aires","tag-interes-general","tag-locales","tag-san-pedro"],"aioseo_notices":[],"gutentor_comment":0,"jetpack_featured_media_url":"https:\/\/eldiariodesanpedro.com.ar\/sitio\/wp-content\/uploads\/2023\/04\/0000021781-resized-1920x1080-1.jpg","jetpack_shortlink":"https:\/\/wp.me\/p6RhLt-uvj","jetpack_sharing_enabled":true,"_links":{"self":[{"href":"https:\/\/eldiariodesanpedro.com.ar\/sitio\/wp-json\/wp\/v2\/posts\/117261","targetHints":{"allow":["GET"]}}],"collection":[{"href":"https:\/\/eldiariodesanpedro.com.ar\/sitio\/wp-json\/wp\/v2\/posts"}],"about":[{"href":"https:\/\/eldiariodesanpedro.com.ar\/sitio\/wp-json\/wp\/v2\/types\/post"}],"author":[{"embeddable":true,"href":"https:\/\/eldiariodesanpedro.com.ar\/sitio\/wp-json\/wp\/v2\/users\/4"}],"replies":[{"embeddable":true,"href":"https:\/\/eldiariodesanpedro.com.ar\/sitio\/wp-json\/wp\/v2\/comments?post=117261"}],"version-history":[{"count":1,"href":"https:\/\/eldiariodesanpedro.com.ar\/sitio\/wp-json\/wp\/v2\/posts\/117261\/revisions"}],"predecessor-version":[{"id":117263,"href":"https:\/\/eldiariodesanpedro.com.ar\/sitio\/wp-json\/wp\/v2\/posts\/117261\/revisions\/117263"}],"wp:featuredmedia":[{"embeddable":true,"href":"https:\/\/eldiariodesanpedro.com.ar\/sitio\/wp-json\/wp\/v2\/media\/117262"}],"wp:attachment":[{"href":"https:\/\/eldiariodesanpedro.com.ar\/sitio\/wp-json\/wp\/v2\/media?parent=117261"}],"wp:term":[{"taxonomy":"category","embeddable":true,"href":"https:\/\/eldiariodesanpedro.com.ar\/sitio\/wp-json\/wp\/v2\/categories?post=117261"},{"taxonomy":"post_tag","embeddable":true,"href":"https:\/\/eldiariodesanpedro.com.ar\/sitio\/wp-json\/wp\/v2\/tags?post=117261"}],"curies":[{"name":"wp","href":"https:\/\/api.w.org\/{rel}","templated":true}]}}