{"id":117259,"date":"2023-04-20T14:51:12","date_gmt":"2023-04-20T17:51:12","guid":{"rendered":"https:\/\/eldiariodesanpedro.com.ar\/sitio\/?p=117259"},"modified":"2023-04-20T14:51:14","modified_gmt":"2023-04-20T17:51:14","slug":"vendia-rifas-para-bomberos-voluntarios-y-fue-amenazado-en-la-via-publica","status":"publish","type":"post","link":"https:\/\/eldiariodesanpedro.com.ar\/sitio\/vendia-rifas-para-bomberos-voluntarios-y-fue-amenazado-en-la-via-publica\/","title":{"rendered":"Vend\u00eda rifas para bomberos voluntarios y fue amenazado en la v\u00eda publica"},"content":{"rendered":"<!-- VideographyWP Plugin Message: Automatic video embedding prevented by plugin options. -->\n\n<p>En la jornada de ayer, se present\u00f3 una denuncia en la comisar\u00eda de nuestra ciudad por parte de un hombre de 57 a\u00f1os de edad. Seg\u00fan relat\u00f3 el denunciante, se encontraba vendiendo rifas para una colecta destinada a colaborar con los bomberos voluntarios, cuando fue abordado por un individuo en la calle Libertad al 1400.<\/p>\n\n\n\n<p>El sujeto en cuesti\u00f3n comenz\u00f3 a profirir amenazas verbales hacia el vendedor de rifas, generando un momento de gran tensi\u00f3n para el denunciante. Ante esta situaci\u00f3n, el ciudadano decidi\u00f3 radicar la denuncia correspondiente en la comisar\u00eda local.<\/p>\n\n\n\n<p>El hecho qued\u00f3 en manos de la Unidad Funcional de Instrucci\u00f3n N\u00b0 07, quien se encargar\u00e1 de llevar adelante la investigaci\u00f3n correspondiente para esclarecer los hechos y determinar las responsabilidades correspondientes.<\/p>\n","protected":false},"excerpt":{"rendered":"<p>En la jornada de ayer, se present\u00f3 una denuncia en la comisar\u00eda de nuestra ciudad por parte de un hombre de 57 a\u00f1os de edad. Seg\u00fan relat\u00f3 el denunciante, se encontraba vendiendo rifas para una colecta destinada a colaborar con los bomberos voluntarios, cuando fue abordado por un individuo en la calle Libertad al 1400. [&hellip;]<\/p>\n","protected":false},"author":4,"featured_media":16988,"comment_status":"closed","ping_status":"closed","sticky":false,"template":"","format":"standard","meta":{"om_disable_all_campaigns":false,"_jetpack_memberships_contains_paid_content":false,"footnotes":""},"categories":[2,103],"tags":[197,33,95],"class_list":["post-117259","post","type-post","status-publish","format-standard","has-post-thumbnail","hentry","category-locales","category-policiales-locales","tag-buenos-aires","tag-locales","tag-policiales"],"aioseo_notices":[],"gutentor_comment":0,"jetpack_featured_media_url":"https:\/\/eldiariodesanpedro.com.ar\/sitio\/wp-content\/uploads\/2017\/04\/DSC_0220-e1492514812154.jpg","jetpack_shortlink":"https:\/\/wp.me\/p6RhLt-uvh","jetpack_sharing_enabled":true,"_links":{"self":[{"href":"https:\/\/eldiariodesanpedro.com.ar\/sitio\/wp-json\/wp\/v2\/posts\/117259","targetHints":{"allow":["GET"]}}],"collection":[{"href":"https:\/\/eldiariodesanpedro.com.ar\/sitio\/wp-json\/wp\/v2\/posts"}],"about":[{"href":"https:\/\/eldiariodesanpedro.com.ar\/sitio\/wp-json\/wp\/v2\/types\/post"}],"author":[{"embeddable":true,"href":"https:\/\/eldiariodesanpedro.com.ar\/sitio\/wp-json\/wp\/v2\/users\/4"}],"replies":[{"embeddable":true,"href":"https:\/\/eldiariodesanpedro.com.ar\/sitio\/wp-json\/wp\/v2\/comments?post=117259"}],"version-history":[{"count":1,"href":"https:\/\/eldiariodesanpedro.com.ar\/sitio\/wp-json\/wp\/v2\/posts\/117259\/revisions"}],"predecessor-version":[{"id":117260,"href":"https:\/\/eldiariodesanpedro.com.ar\/sitio\/wp-json\/wp\/v2\/posts\/117259\/revisions\/117260"}],"wp:featuredmedia":[{"embeddable":true,"href":"https:\/\/eldiariodesanpedro.com.ar\/sitio\/wp-json\/wp\/v2\/media\/16988"}],"wp:attachment":[{"href":"https:\/\/eldiariodesanpedro.com.ar\/sitio\/wp-json\/wp\/v2\/media?parent=117259"}],"wp:term":[{"taxonomy":"category","embeddable":true,"href":"https:\/\/eldiariodesanpedro.com.ar\/sitio\/wp-json\/wp\/v2\/categories?post=117259"},{"taxonomy":"post_tag","embeddable":true,"href":"https:\/\/eldiariodesanpedro.com.ar\/sitio\/wp-json\/wp\/v2\/tags?post=117259"}],"curies":[{"name":"wp","href":"https:\/\/api.w.org\/{rel}","templated":true}]}}