{"id":117255,"date":"2023-04-20T14:40:13","date_gmt":"2023-04-20T17:40:13","guid":{"rendered":"https:\/\/eldiariodesanpedro.com.ar\/sitio\/?p=117255"},"modified":"2023-04-20T14:40:15","modified_gmt":"2023-04-20T17:40:15","slug":"violento-allanamiento-en-hermano-indio-termina-con-un-policia-lesionado-y-una-mujer-aprehendida","status":"publish","type":"post","link":"https:\/\/eldiariodesanpedro.com.ar\/sitio\/violento-allanamiento-en-hermano-indio-termina-con-un-policia-lesionado-y-una-mujer-aprehendida\/","title":{"rendered":"Violento allanamiento en Hermano Indio termina con un polic\u00eda lesionado y una mujer aprehendida"},"content":{"rendered":"<!-- VideographyWP Plugin Message: Automatic video embedding prevented by plugin options. -->\n\n<p>En la tarde de ayer mi\u00e9rcoles, se llev\u00f3 a cabo una diligencia de allanamiento en un domicilio ubicado en la calle Hermano Indio al 800 de la Ciudad, tras una orden del Juzgado de Garant\u00edas N\u00b0 2 y UFI del Joven. La polic\u00eda buscaba al residente de la casa, un hombre de 28 a\u00f1os de edad, por estar involucrado en un delito.<\/p>\n\n\n\n<p>Sin embargo, al notar la presencia policial, el hombre se resisti\u00f3 y se trenz\u00f3 en una lucha con los efectivos, llegando a lesionar a uno de ellos con un golpe de pu\u00f1o en el rostro. La situaci\u00f3n empeor\u00f3 cuando los familiares y vecinos del morador comenzaron a arrojar piedras hacia los efectivos, desde el coraz\u00f3n de la manzana, en un barrio considerado conflictivo.<\/p>\n\n\n\n<p>Uno de los polic\u00edas result\u00f3 lesionado en su miembro inferior izquierdo producto de un piedrazo, mientras que una mujer de 37 a\u00f1os de edad, hermana del morador, fue detenida en el lugar, pero posteriormente fue liberada. Durante la requisa del domicilio, se secuestr\u00f3 una campera deportiva blanca marca Adidas, utilizada para cometer el il\u00edcito que motiv\u00f3 la diligencia.<\/p>\n\n\n\n<p>La violencia desatada por los familiares y vecinos provoc\u00f3 da\u00f1os en la flota automotriz de la polic\u00eda, con rotura de parabrisas y abolladuras varias. Afortunadamente, las lesiones sufridas por los efectivos son de car\u00e1cter leve.<\/p>\n\n\n\n<p>La UFI del Joven y la UFI N\u00b0 07 se encuentran investigando el incidente y tomar\u00e1n las medidas necesarias para esclarecer los hechos y llevar a los responsables ante la justicia.<\/p>\n\n\n\n<figure class=\"wp-block-image size-full\"><img decoding=\"async\" width=\"588\" height=\"606\" data-attachment-id=\"117257\" data-permalink=\"https:\/\/eldiariodesanpedro.com.ar\/sitio\/violento-allanamiento-en-hermano-indio-termina-con-un-policia-lesionado-y-una-mujer-aprehendida\/a-7\/\" data-orig-file=\"https:\/\/eldiariodesanpedro.com.ar\/sitio\/wp-content\/uploads\/2023\/04\/a-1.jpg\" data-orig-size=\"588,606\" data-comments-opened=\"0\" data-image-meta=\"{&quot;aperture&quot;:&quot;0&quot;,&quot;credit&quot;:&quot;&quot;,&quot;camera&quot;:&quot;&quot;,&quot;caption&quot;:&quot;&quot;,&quot;created_timestamp&quot;:&quot;0&quot;,&quot;copyright&quot;:&quot;&quot;,&quot;focal_length&quot;:&quot;0&quot;,&quot;iso&quot;:&quot;0&quot;,&quot;shutter_speed&quot;:&quot;0&quot;,&quot;title&quot;:&quot;&quot;,&quot;orientation&quot;:&quot;0&quot;}\" data-image-title=\"a\" data-image-description=\"\" data-image-caption=\"\" data-large-file=\"https:\/\/eldiariodesanpedro.com.ar\/sitio\/wp-content\/uploads\/2023\/04\/a-1.jpg\" data-src=\"https:\/\/eldiariodesanpedro.com.ar\/sitio\/wp-content\/uploads\/2023\/04\/a-1.jpg\" alt=\"\" class=\"wp-image-117257 lazyload\" data-srcset=\"https:\/\/eldiariodesanpedro.com.ar\/sitio\/wp-content\/uploads\/2023\/04\/a-1.jpg 588w, https:\/\/eldiariodesanpedro.com.ar\/sitio\/wp-content\/uploads\/2023\/04\/a-1-291x300.jpg 291w\" data-sizes=\"(max-width: 588px) 100vw, 588px\" src=\"data:image\/svg+xml;base64,PHN2ZyB3aWR0aD0iMSIgaGVpZ2h0PSIxIiB4bWxucz0iaHR0cDovL3d3dy53My5vcmcvMjAwMC9zdmciPjwvc3ZnPg==\" style=\"--smush-placeholder-width: 588px; --smush-placeholder-aspect-ratio: 588\/606;\" \/><\/figure>\n","protected":false},"excerpt":{"rendered":"<p>En la tarde de ayer mi\u00e9rcoles, se llev\u00f3 a cabo una diligencia de allanamiento en un domicilio ubicado en la calle Hermano Indio al 800 de la Ciudad, tras una orden del Juzgado de Garant\u00edas N\u00b0 2 y UFI del Joven. La polic\u00eda buscaba al residente de la casa, un hombre de 28 a\u00f1os de [&hellip;]<\/p>\n","protected":false},"author":4,"featured_media":117256,"comment_status":"closed","ping_status":"closed","sticky":false,"template":"","format":"standard","meta":{"om_disable_all_campaigns":false,"_jetpack_memberships_contains_paid_content":false,"footnotes":""},"categories":[50,2,103],"tags":[],"class_list":["post-117255","post","type-post","status-publish","format-standard","has-post-thumbnail","hentry","category-destacadas","category-locales","category-policiales-locales"],"aioseo_notices":[],"gutentor_comment":0,"jetpack_featured_media_url":"https:\/\/eldiariodesanpedro.com.ar\/sitio\/wp-content\/uploads\/2023\/04\/b-1.jpg","jetpack_shortlink":"https:\/\/wp.me\/p6RhLt-uvd","jetpack_sharing_enabled":true,"_links":{"self":[{"href":"https:\/\/eldiariodesanpedro.com.ar\/sitio\/wp-json\/wp\/v2\/posts\/117255","targetHints":{"allow":["GET"]}}],"collection":[{"href":"https:\/\/eldiariodesanpedro.com.ar\/sitio\/wp-json\/wp\/v2\/posts"}],"about":[{"href":"https:\/\/eldiariodesanpedro.com.ar\/sitio\/wp-json\/wp\/v2\/types\/post"}],"author":[{"embeddable":true,"href":"https:\/\/eldiariodesanpedro.com.ar\/sitio\/wp-json\/wp\/v2\/users\/4"}],"replies":[{"embeddable":true,"href":"https:\/\/eldiariodesanpedro.com.ar\/sitio\/wp-json\/wp\/v2\/comments?post=117255"}],"version-history":[{"count":1,"href":"https:\/\/eldiariodesanpedro.com.ar\/sitio\/wp-json\/wp\/v2\/posts\/117255\/revisions"}],"predecessor-version":[{"id":117258,"href":"https:\/\/eldiariodesanpedro.com.ar\/sitio\/wp-json\/wp\/v2\/posts\/117255\/revisions\/117258"}],"wp:featuredmedia":[{"embeddable":true,"href":"https:\/\/eldiariodesanpedro.com.ar\/sitio\/wp-json\/wp\/v2\/media\/117256"}],"wp:attachment":[{"href":"https:\/\/eldiariodesanpedro.com.ar\/sitio\/wp-json\/wp\/v2\/media?parent=117255"}],"wp:term":[{"taxonomy":"category","embeddable":true,"href":"https:\/\/eldiariodesanpedro.com.ar\/sitio\/wp-json\/wp\/v2\/categories?post=117255"},{"taxonomy":"post_tag","embeddable":true,"href":"https:\/\/eldiariodesanpedro.com.ar\/sitio\/wp-json\/wp\/v2\/tags?post=117255"}],"curies":[{"name":"wp","href":"https:\/\/api.w.org\/{rel}","templated":true}]}}