{"id":117252,"date":"2023-04-20T14:26:04","date_gmt":"2023-04-20T17:26:04","guid":{"rendered":"https:\/\/eldiariodesanpedro.com.ar\/sitio\/?p=117252"},"modified":"2023-04-20T14:26:05","modified_gmt":"2023-04-20T17:26:05","slug":"allanamiento-y-detencion-en-relacion-a-denuncia-por-desobediencia-y-amenazas","status":"publish","type":"post","link":"https:\/\/eldiariodesanpedro.com.ar\/sitio\/allanamiento-y-detencion-en-relacion-a-denuncia-por-desobediencia-y-amenazas\/","title":{"rendered":"Allanamiento y detenci\u00f3n en relaci\u00f3n a denuncia por desobediencia y amenazas"},"content":{"rendered":"<!-- VideographyWP Plugin Message: Automatic video embedding prevented by plugin options. -->\n\n<p>El grupo GTO realiz\u00f3 una diligencia de allanamiento en relaci\u00f3n a una denuncia radicada en la Comisar\u00eda de la Mujer y la Familia. La denuncia estaba caratulada como \u00abdesobediencia y amenazas\u00bb y cont\u00f3 con la intervenci\u00f3n de la UFI N\u00b0 7.<\/p>\n\n\n\n<p>La diligencia de allanamiento fue ordenada por el Juzgado de Garant\u00edas N\u00b0 2 y se llev\u00f3 a cabo en un domicilio ubicado en calle Hermano Indio al 800. Durante el allanamiento, se incaut\u00f3 un tel\u00e9fono celular y se procedi\u00f3 a la detenci\u00f3n del denunciado, un hombre de 30 a\u00f1os de edad.<\/p>\n\n\n\n<p>El detenido permanece alojado en una dependencia a disposici\u00f3n de la justicia previo a su notificaci\u00f3n por el art\u00edculo 60 por el delito en narras.<\/p>\n","protected":false},"excerpt":{"rendered":"<p>El grupo GTO realiz\u00f3 una diligencia de allanamiento en relaci\u00f3n a una denuncia radicada en la Comisar\u00eda de la Mujer y la Familia. La denuncia estaba caratulada como \u00abdesobediencia y amenazas\u00bb y cont\u00f3 con la intervenci\u00f3n de la UFI N\u00b0 7. La diligencia de allanamiento fue ordenada por el Juzgado de Garant\u00edas N\u00b0 2 y [&hellip;]<\/p>\n","protected":false},"author":4,"featured_media":117253,"comment_status":"closed","ping_status":"closed","sticky":false,"template":"","format":"standard","meta":{"om_disable_all_campaigns":false,"_jetpack_memberships_contains_paid_content":false,"footnotes":""},"categories":[2,103],"tags":[197,33,95,19],"class_list":["post-117252","post","type-post","status-publish","format-standard","has-post-thumbnail","hentry","category-locales","category-policiales-locales","tag-buenos-aires","tag-locales","tag-policiales","tag-san-pedro"],"aioseo_notices":[],"gutentor_comment":0,"jetpack_featured_media_url":"https:\/\/eldiariodesanpedro.com.ar\/sitio\/wp-content\/uploads\/2023\/04\/medida-1-4.jpg","jetpack_shortlink":"https:\/\/wp.me\/p6RhLt-uva","jetpack_sharing_enabled":true,"_links":{"self":[{"href":"https:\/\/eldiariodesanpedro.com.ar\/sitio\/wp-json\/wp\/v2\/posts\/117252","targetHints":{"allow":["GET"]}}],"collection":[{"href":"https:\/\/eldiariodesanpedro.com.ar\/sitio\/wp-json\/wp\/v2\/posts"}],"about":[{"href":"https:\/\/eldiariodesanpedro.com.ar\/sitio\/wp-json\/wp\/v2\/types\/post"}],"author":[{"embeddable":true,"href":"https:\/\/eldiariodesanpedro.com.ar\/sitio\/wp-json\/wp\/v2\/users\/4"}],"replies":[{"embeddable":true,"href":"https:\/\/eldiariodesanpedro.com.ar\/sitio\/wp-json\/wp\/v2\/comments?post=117252"}],"version-history":[{"count":1,"href":"https:\/\/eldiariodesanpedro.com.ar\/sitio\/wp-json\/wp\/v2\/posts\/117252\/revisions"}],"predecessor-version":[{"id":117254,"href":"https:\/\/eldiariodesanpedro.com.ar\/sitio\/wp-json\/wp\/v2\/posts\/117252\/revisions\/117254"}],"wp:featuredmedia":[{"embeddable":true,"href":"https:\/\/eldiariodesanpedro.com.ar\/sitio\/wp-json\/wp\/v2\/media\/117253"}],"wp:attachment":[{"href":"https:\/\/eldiariodesanpedro.com.ar\/sitio\/wp-json\/wp\/v2\/media?parent=117252"}],"wp:term":[{"taxonomy":"category","embeddable":true,"href":"https:\/\/eldiariodesanpedro.com.ar\/sitio\/wp-json\/wp\/v2\/categories?post=117252"},{"taxonomy":"post_tag","embeddable":true,"href":"https:\/\/eldiariodesanpedro.com.ar\/sitio\/wp-json\/wp\/v2\/tags?post=117252"}],"curies":[{"name":"wp","href":"https:\/\/api.w.org\/{rel}","templated":true}]}}