{"id":117248,"date":"2023-04-20T14:05:26","date_gmt":"2023-04-20T17:05:26","guid":{"rendered":"https:\/\/eldiariodesanpedro.com.ar\/sitio\/?p=117248"},"modified":"2023-04-20T14:05:27","modified_gmt":"2023-04-20T17:05:27","slug":"incautan-10-plantas-de-marihuana-y-detienen-a-un-hombre-durante-allanamiento-en-domicilio","status":"publish","type":"post","link":"https:\/\/eldiariodesanpedro.com.ar\/sitio\/incautan-10-plantas-de-marihuana-y-detienen-a-un-hombre-durante-allanamiento-en-domicilio\/","title":{"rendered":"Incautan 10 plantas de marihuana y detienen a un hombre durante allanamiento en domicilio"},"content":{"rendered":"<!-- VideographyWP Plugin Message: Automatic video embedding prevented by plugin options. -->\n\n<p>La polic\u00eda llev\u00f3 a cabo una orden de allanamiento en el domicilio 31 bis al 1000 otorgada por el Juzgado de Garant\u00edas N\u00b0 2 en la jornada de ayer mi\u00e9rcoles. La requisa fue realizada en busca de objetos sustra\u00eddos, pero desafortunadamente, no se encontraron resultados positivos.<\/p>\n\n\n\n<p>Sin embargo, durante el allanamiento, se incautaron diez (10) plantas de marihuana de aproximadamente 3 metros de longitud y dos frascos de vidrio que conten\u00edan cogollos de marihuana. <\/p>\n\n\n\n<p>La polic\u00eda tambi\u00e9n procedi\u00f3 a la aprehensi\u00f3n de un hombre de 28 a\u00f1os de edad, quien posteriormente fue liberado. La UFI N\u00b0 07 est\u00e1 interviniendo en el caso. Si est\u00e1s interesado en conocer m\u00e1s detalles, no dudes en contactarnos.<\/p>\n\n\n\n<figure class=\"wp-block-image size-full\"><img decoding=\"async\" width=\"612\" height=\"630\" data-attachment-id=\"117249\" data-permalink=\"https:\/\/eldiariodesanpedro.com.ar\/sitio\/incautan-10-plantas-de-marihuana-y-detienen-a-un-hombre-durante-allanamiento-en-domicilio\/a-6\/\" data-orig-file=\"https:\/\/eldiariodesanpedro.com.ar\/sitio\/wp-content\/uploads\/2023\/04\/a.jpg\" data-orig-size=\"612,630\" data-comments-opened=\"0\" data-image-meta=\"{&quot;aperture&quot;:&quot;0&quot;,&quot;credit&quot;:&quot;&quot;,&quot;camera&quot;:&quot;&quot;,&quot;caption&quot;:&quot;&quot;,&quot;created_timestamp&quot;:&quot;0&quot;,&quot;copyright&quot;:&quot;&quot;,&quot;focal_length&quot;:&quot;0&quot;,&quot;iso&quot;:&quot;0&quot;,&quot;shutter_speed&quot;:&quot;0&quot;,&quot;title&quot;:&quot;&quot;,&quot;orientation&quot;:&quot;0&quot;}\" data-image-title=\"a\" data-image-description=\"\" data-image-caption=\"\" data-large-file=\"https:\/\/eldiariodesanpedro.com.ar\/sitio\/wp-content\/uploads\/2023\/04\/a.jpg\" data-src=\"https:\/\/eldiariodesanpedro.com.ar\/sitio\/wp-content\/uploads\/2023\/04\/a.jpg\" alt=\"\" class=\"wp-image-117249 lazyload\" data-srcset=\"https:\/\/eldiariodesanpedro.com.ar\/sitio\/wp-content\/uploads\/2023\/04\/a.jpg 612w, https:\/\/eldiariodesanpedro.com.ar\/sitio\/wp-content\/uploads\/2023\/04\/a-291x300.jpg 291w\" data-sizes=\"(max-width: 612px) 100vw, 612px\" src=\"data:image\/svg+xml;base64,PHN2ZyB3aWR0aD0iMSIgaGVpZ2h0PSIxIiB4bWxucz0iaHR0cDovL3d3dy53My5vcmcvMjAwMC9zdmciPjwvc3ZnPg==\" style=\"--smush-placeholder-width: 612px; --smush-placeholder-aspect-ratio: 612\/630;\" \/><\/figure>\n","protected":false},"excerpt":{"rendered":"<p>La polic\u00eda llev\u00f3 a cabo una orden de allanamiento en el domicilio 31 bis al 1000 otorgada por el Juzgado de Garant\u00edas N\u00b0 2 en la jornada de ayer mi\u00e9rcoles. La requisa fue realizada en busca de objetos sustra\u00eddos, pero desafortunadamente, no se encontraron resultados positivos. Sin embargo, durante el allanamiento, se incautaron diez (10) [&hellip;]<\/p>\n","protected":false},"author":4,"featured_media":117250,"comment_status":"closed","ping_status":"closed","sticky":false,"template":"","format":"standard","meta":{"om_disable_all_campaigns":false,"_jetpack_memberships_contains_paid_content":false,"footnotes":""},"categories":[50,2,103],"tags":[197,33,95,19],"class_list":["post-117248","post","type-post","status-publish","format-standard","has-post-thumbnail","hentry","category-destacadas","category-locales","category-policiales-locales","tag-buenos-aires","tag-locales","tag-policiales","tag-san-pedro"],"aioseo_notices":[],"gutentor_comment":0,"jetpack_featured_media_url":"https:\/\/eldiariodesanpedro.com.ar\/sitio\/wp-content\/uploads\/2023\/04\/b.jpg","jetpack_shortlink":"https:\/\/wp.me\/p6RhLt-uv6","jetpack_sharing_enabled":true,"_links":{"self":[{"href":"https:\/\/eldiariodesanpedro.com.ar\/sitio\/wp-json\/wp\/v2\/posts\/117248","targetHints":{"allow":["GET"]}}],"collection":[{"href":"https:\/\/eldiariodesanpedro.com.ar\/sitio\/wp-json\/wp\/v2\/posts"}],"about":[{"href":"https:\/\/eldiariodesanpedro.com.ar\/sitio\/wp-json\/wp\/v2\/types\/post"}],"author":[{"embeddable":true,"href":"https:\/\/eldiariodesanpedro.com.ar\/sitio\/wp-json\/wp\/v2\/users\/4"}],"replies":[{"embeddable":true,"href":"https:\/\/eldiariodesanpedro.com.ar\/sitio\/wp-json\/wp\/v2\/comments?post=117248"}],"version-history":[{"count":1,"href":"https:\/\/eldiariodesanpedro.com.ar\/sitio\/wp-json\/wp\/v2\/posts\/117248\/revisions"}],"predecessor-version":[{"id":117251,"href":"https:\/\/eldiariodesanpedro.com.ar\/sitio\/wp-json\/wp\/v2\/posts\/117248\/revisions\/117251"}],"wp:featuredmedia":[{"embeddable":true,"href":"https:\/\/eldiariodesanpedro.com.ar\/sitio\/wp-json\/wp\/v2\/media\/117250"}],"wp:attachment":[{"href":"https:\/\/eldiariodesanpedro.com.ar\/sitio\/wp-json\/wp\/v2\/media?parent=117248"}],"wp:term":[{"taxonomy":"category","embeddable":true,"href":"https:\/\/eldiariodesanpedro.com.ar\/sitio\/wp-json\/wp\/v2\/categories?post=117248"},{"taxonomy":"post_tag","embeddable":true,"href":"https:\/\/eldiariodesanpedro.com.ar\/sitio\/wp-json\/wp\/v2\/tags?post=117248"}],"curies":[{"name":"wp","href":"https:\/\/api.w.org\/{rel}","templated":true}]}}