{"id":117241,"date":"2023-04-20T13:39:36","date_gmt":"2023-04-20T16:39:36","guid":{"rendered":"https:\/\/eldiariodesanpedro.com.ar\/sitio\/?p=117241"},"modified":"2023-04-20T14:00:53","modified_gmt":"2023-04-20T17:00:53","slug":"desarticulan-banda-dedicada-a-la-comercializacion-de-estupefacientes-en-santa-lucia-y-munro","status":"publish","type":"post","link":"https:\/\/eldiariodesanpedro.com.ar\/sitio\/desarticulan-banda-dedicada-a-la-comercializacion-de-estupefacientes-en-santa-lucia-y-munro\/","title":{"rendered":"Desarticulan banda dedicada a la comercializaci\u00f3n de estupefacientes en Santa Lucia y Munro"},"content":{"rendered":"<!-- VideographyWP Plugin Message: Automatic video embedding prevented by plugin options. -->\n\n<p>La Fiscal\u00eda N\u00b0 7 de San Pedro, a cargo de la Dra. Maria Del Valle Viviani, llev\u00f3 a cabo una investigaci\u00f3n por la comercializaci\u00f3n de sustancias estupefacientes iniciada en agosto de 2022, que culmin\u00f3 con cinco allanamientos simult\u00e1neos y la detenci\u00f3n de dos de los principales investigados en la madrugada del d\u00eda de la fecha.<\/p>\n\n\n\n<p>La investigaci\u00f3n comenz\u00f3 a ra\u00edz de una denuncia an\u00f3nima que indicaba que un hombre realizaba viajes desde Munro a Santa Lucia para abastecer de drogas a otros dos hombres. Tras la intervenci\u00f3n de la Fiscal\u00eda, se autoriz\u00f3 la realizaci\u00f3n de tareas investigativas en cuatro domicilios de Santa Lucia y uno en Munro.<\/p>\n\n\n\n<p>Durante el transcurso de la investigaci\u00f3n llevada a cabo por personal de la Delegaci\u00f3n de Investigaciones del tr\u00e1fico de Drogas Il\u00edcitas San Nicol\u00e1s (DDITDI), se observ\u00f3 que j\u00f3venes que se acercaban a los domicilios investigados realizaban transacciones de drogas con los investigados.<\/p>\n\n\n\n<p>Con las pruebas colectadas, se estableci\u00f3 la relaci\u00f3n entre los investigados y se determin\u00f3 que el principal detenido prove\u00eda de las sustancias estupefacientes. El Agente Fiscal solicit\u00f3 al juzgado de Garant\u00edas N\u00b0 1 la detenci\u00f3n del principal investigado y orden\u00f3 el registro de los inmuebles de todos los sindicados, ejecutando dichas diligencias en el d\u00eda de la fecha con resultados positivos.<\/p>\n\n\n\n<p>En los allanamientos se secuestr\u00f3 una gran cantidad de cogollos de Marihuana, dos plantas de marihuana, dinero en efectivo, telefon\u00eda celular, balanzas digitales y envoltorios conteniendo coca\u00edna destinados directamente para la venta al menudeo.<\/p>\n\n\n\n<p>La investigaci\u00f3n fue supervisada por la Unidad Coordinadora de Estupefacientes a cargo de la Dra. Mar\u00eda Ver\u00f3nica Marcantonio.<\/p>\n\n\n\n<iframe data-src=\"https:\/\/www.facebook.com\/plugins\/video.php?height=314&#038;href=https%3A%2F%2Fwww.facebook.com%2Feldiario.sanpedro.7%2Fvideos%2F531027915907055%2F&#038;show_text=false&#038;width=560&#038;t=0\" width=\"560\" height=\"314\" style=\"border:none;overflow:hidden\" scrolling=\"no\" frameborder=\"0\" allowfullscreen=\"true\" allow=\"autoplay; clipboard-write; encrypted-media; picture-in-picture; web-share\" allowFullScreen=\"true\" src=\"data:image\/svg+xml;base64,PHN2ZyB3aWR0aD0iMSIgaGVpZ2h0PSIxIiB4bWxucz0iaHR0cDovL3d3dy53My5vcmcvMjAwMC9zdmciPjwvc3ZnPg==\" class=\"lazyload\" data-load-mode=\"1\"><\/iframe>\n\n\n\n<figure class=\"wp-block-image size-full\"><img decoding=\"async\" width=\"473\" height=\"630\" data-attachment-id=\"117244\" data-permalink=\"https:\/\/eldiariodesanpedro.com.ar\/sitio\/desarticulan-banda-dedicada-a-la-comercializacion-de-estupefacientes-en-santa-lucia-y-munro\/whatsapp-image-2023-04-20-at-12-47-58\/\" data-orig-file=\"https:\/\/eldiariodesanpedro.com.ar\/sitio\/wp-content\/uploads\/2023\/04\/WhatsApp-Image-2023-04-20-at-12.47.58.jpeg\" data-orig-size=\"473,630\" data-comments-opened=\"0\" data-image-meta=\"{&quot;aperture&quot;:&quot;0&quot;,&quot;credit&quot;:&quot;&quot;,&quot;camera&quot;:&quot;&quot;,&quot;caption&quot;:&quot;&quot;,&quot;created_timestamp&quot;:&quot;0&quot;,&quot;copyright&quot;:&quot;&quot;,&quot;focal_length&quot;:&quot;0&quot;,&quot;iso&quot;:&quot;0&quot;,&quot;shutter_speed&quot;:&quot;0&quot;,&quot;title&quot;:&quot;&quot;,&quot;orientation&quot;:&quot;0&quot;}\" data-image-title=\"WhatsApp Image 2023-04-20 at 12.47.58\" data-image-description=\"\" data-image-caption=\"\" data-large-file=\"https:\/\/eldiariodesanpedro.com.ar\/sitio\/wp-content\/uploads\/2023\/04\/WhatsApp-Image-2023-04-20-at-12.47.58.jpeg\" data-src=\"https:\/\/eldiariodesanpedro.com.ar\/sitio\/wp-content\/uploads\/2023\/04\/WhatsApp-Image-2023-04-20-at-12.47.58.jpeg\" alt=\"\" class=\"wp-image-117244 lazyload\" data-srcset=\"https:\/\/eldiariodesanpedro.com.ar\/sitio\/wp-content\/uploads\/2023\/04\/WhatsApp-Image-2023-04-20-at-12.47.58.jpeg 473w, https:\/\/eldiariodesanpedro.com.ar\/sitio\/wp-content\/uploads\/2023\/04\/WhatsApp-Image-2023-04-20-at-12.47.58-225x300.jpeg 225w\" data-sizes=\"(max-width: 473px) 100vw, 473px\" src=\"data:image\/svg+xml;base64,PHN2ZyB3aWR0aD0iMSIgaGVpZ2h0PSIxIiB4bWxucz0iaHR0cDovL3d3dy53My5vcmcvMjAwMC9zdmciPjwvc3ZnPg==\" style=\"--smush-placeholder-width: 473px; --smush-placeholder-aspect-ratio: 473\/630;\" \/><\/figure>\n\n\n\n<figure class=\"wp-block-image size-full\"><img decoding=\"async\" width=\"840\" height=\"630\" data-attachment-id=\"117242\" data-permalink=\"https:\/\/eldiariodesanpedro.com.ar\/sitio\/desarticulan-banda-dedicada-a-la-comercializacion-de-estupefacientes-en-santa-lucia-y-munro\/whatsapp-image-2023-04-20-at-12-47-57\/\" data-orig-file=\"https:\/\/eldiariodesanpedro.com.ar\/sitio\/wp-content\/uploads\/2023\/04\/WhatsApp-Image-2023-04-20-at-12.47.57.jpeg\" data-orig-size=\"840,630\" data-comments-opened=\"0\" data-image-meta=\"{&quot;aperture&quot;:&quot;0&quot;,&quot;credit&quot;:&quot;&quot;,&quot;camera&quot;:&quot;&quot;,&quot;caption&quot;:&quot;&quot;,&quot;created_timestamp&quot;:&quot;0&quot;,&quot;copyright&quot;:&quot;&quot;,&quot;focal_length&quot;:&quot;0&quot;,&quot;iso&quot;:&quot;0&quot;,&quot;shutter_speed&quot;:&quot;0&quot;,&quot;title&quot;:&quot;&quot;,&quot;orientation&quot;:&quot;0&quot;}\" data-image-title=\"WhatsApp Image 2023-04-20 at 12.47.57\" data-image-description=\"\" data-image-caption=\"\" data-large-file=\"https:\/\/eldiariodesanpedro.com.ar\/sitio\/wp-content\/uploads\/2023\/04\/WhatsApp-Image-2023-04-20-at-12.47.57.jpeg\" data-src=\"https:\/\/eldiariodesanpedro.com.ar\/sitio\/wp-content\/uploads\/2023\/04\/WhatsApp-Image-2023-04-20-at-12.47.57.jpeg\" alt=\"\" class=\"wp-image-117242 lazyload\" data-srcset=\"https:\/\/eldiariodesanpedro.com.ar\/sitio\/wp-content\/uploads\/2023\/04\/WhatsApp-Image-2023-04-20-at-12.47.57.jpeg 840w, https:\/\/eldiariodesanpedro.com.ar\/sitio\/wp-content\/uploads\/2023\/04\/WhatsApp-Image-2023-04-20-at-12.47.57-300x225.jpeg 300w, https:\/\/eldiariodesanpedro.com.ar\/sitio\/wp-content\/uploads\/2023\/04\/WhatsApp-Image-2023-04-20-at-12.47.57-768x576.jpeg 768w, https:\/\/eldiariodesanpedro.com.ar\/sitio\/wp-content\/uploads\/2023\/04\/WhatsApp-Image-2023-04-20-at-12.47.57-272x204.jpeg 272w\" data-sizes=\"(max-width: 840px) 100vw, 840px\" src=\"data:image\/svg+xml;base64,PHN2ZyB3aWR0aD0iMSIgaGVpZ2h0PSIxIiB4bWxucz0iaHR0cDovL3d3dy53My5vcmcvMjAwMC9zdmciPjwvc3ZnPg==\" style=\"--smush-placeholder-width: 840px; --smush-placeholder-aspect-ratio: 840\/630;\" \/><\/figure>\n","protected":false},"excerpt":{"rendered":"<p>La Fiscal\u00eda N\u00b0 7 de San Pedro, a cargo de la Dra. Maria Del Valle Viviani, llev\u00f3 a cabo una investigaci\u00f3n por la comercializaci\u00f3n de sustancias estupefacientes iniciada en agosto de 2022, que culmin\u00f3 con cinco allanamientos simult\u00e1neos y la detenci\u00f3n de dos de los principales investigados en la madrugada del d\u00eda de la fecha. [&hellip;]<\/p>\n","protected":false},"author":4,"featured_media":117243,"comment_status":"closed","ping_status":"closed","sticky":false,"template":"","format":"standard","meta":{"om_disable_all_campaigns":false,"_jetpack_memberships_contains_paid_content":false,"footnotes":""},"categories":[50,2,103],"tags":[197,696,33,19],"class_list":["post-117241","post","type-post","status-publish","format-standard","has-post-thumbnail","hentry","category-destacadas","category-locales","category-policiales-locales","tag-buenos-aires","tag-interes-general","tag-locales","tag-san-pedro"],"aioseo_notices":[],"gutentor_comment":0,"jetpack_featured_media_url":"https:\/\/eldiariodesanpedro.com.ar\/sitio\/wp-content\/uploads\/2023\/04\/WhatsApp-Image-2023-04-20-at-12.47.58-1.jpeg","jetpack_shortlink":"https:\/\/wp.me\/p6RhLt-uuZ","jetpack_sharing_enabled":true,"_links":{"self":[{"href":"https:\/\/eldiariodesanpedro.com.ar\/sitio\/wp-json\/wp\/v2\/posts\/117241","targetHints":{"allow":["GET"]}}],"collection":[{"href":"https:\/\/eldiariodesanpedro.com.ar\/sitio\/wp-json\/wp\/v2\/posts"}],"about":[{"href":"https:\/\/eldiariodesanpedro.com.ar\/sitio\/wp-json\/wp\/v2\/types\/post"}],"author":[{"embeddable":true,"href":"https:\/\/eldiariodesanpedro.com.ar\/sitio\/wp-json\/wp\/v2\/users\/4"}],"replies":[{"embeddable":true,"href":"https:\/\/eldiariodesanpedro.com.ar\/sitio\/wp-json\/wp\/v2\/comments?post=117241"}],"version-history":[{"count":3,"href":"https:\/\/eldiariodesanpedro.com.ar\/sitio\/wp-json\/wp\/v2\/posts\/117241\/revisions"}],"predecessor-version":[{"id":117247,"href":"https:\/\/eldiariodesanpedro.com.ar\/sitio\/wp-json\/wp\/v2\/posts\/117241\/revisions\/117247"}],"wp:featuredmedia":[{"embeddable":true,"href":"https:\/\/eldiariodesanpedro.com.ar\/sitio\/wp-json\/wp\/v2\/media\/117243"}],"wp:attachment":[{"href":"https:\/\/eldiariodesanpedro.com.ar\/sitio\/wp-json\/wp\/v2\/media?parent=117241"}],"wp:term":[{"taxonomy":"category","embeddable":true,"href":"https:\/\/eldiariodesanpedro.com.ar\/sitio\/wp-json\/wp\/v2\/categories?post=117241"},{"taxonomy":"post_tag","embeddable":true,"href":"https:\/\/eldiariodesanpedro.com.ar\/sitio\/wp-json\/wp\/v2\/tags?post=117241"}],"curies":[{"name":"wp","href":"https:\/\/api.w.org\/{rel}","templated":true}]}}