{"id":117238,"date":"2023-04-20T12:27:36","date_gmt":"2023-04-20T15:27:36","guid":{"rendered":"https:\/\/eldiariodesanpedro.com.ar\/sitio\/?p=117238"},"modified":"2023-04-20T12:27:38","modified_gmt":"2023-04-20T15:27:38","slug":"el-ccit-ofrece-un-curso-sobre-calidad-de-servicio-en-gastronomia-y-hoteleria","status":"publish","type":"post","link":"https:\/\/eldiariodesanpedro.com.ar\/sitio\/el-ccit-ofrece-un-curso-sobre-calidad-de-servicio-en-gastronomia-y-hoteleria\/","title":{"rendered":"El CCIT ofrece un curso sobre \u00abcalidad de servicio en gastronom\u00eda y hoteler\u00eda\u00bb"},"content":{"rendered":"<!-- VideographyWP Plugin Message: Automatic video embedding prevented by plugin options. -->\n\n<p>Dentro de las actividades que el CCIT viene proponiendo para ofrecer oportunidades de capacitaci\u00f3n, con beneficios para los socios de la entidad se abre la inscripci\u00f3n para el curso denominado \u00abCalidad, calidez y atenci\u00f3n en el servicio para gastronom\u00eda y hoteler\u00eda\u00bb.<\/p>\n\n\n\n<p>En una ciudad con una reconocida din\u00e1mica asociada al turismo esta propuesta se presenta como una alternativa muy interesante con 3 horas presenciales y dos encuentros virtuales de una hora y media cada uno, a cargo de la Dra. Anal\u00eda Brarda y el Profesor Marcelo Sulichin de la Universidad Abierta Interamericana.<\/p>\n\n\n\n<p>La actividad se desarrollar\u00e1 el Mi\u00e9rcoles 3 de mayo, de 13:00 a 16:00 hs bajo la modalidad PRESENCIAL y los d\u00edas 10 y 17 de mayo de 8:00 a 9:30 hs bajo la modalidad VIRTUAL, previa inscripci\u00f3n a trav\u00e9s de un formulario disponible aqu\u00ed:&nbsp;<a href=\"https:\/\/forms.gle\/oDMAT3k5H57eZDXy9\" target=\"_blank\" rel=\"noreferrer noopener\">https:\/\/forms.gle\/oDMAT3k5H57eZDXy9<\/a>&nbsp;y en el sitio web del Centro de Comercio.<\/p>\n\n\n\n<p><strong>Para mayor informaci\u00f3n pueden comunicarse al whatsapp 3329-599000 o v\u00eda email a:<a href=\"mailto:cciteducacion@gmail.com\" target=\"_blank\" rel=\"noreferrer noopener\">cciteducacion@gmail.com<\/a>&nbsp;o por Instagram a @centrodecomerciosp (oficial).<\/strong><\/p>\n\n\n\n<p><strong>* Objetivos<\/strong><\/p>\n\n\n\n<p>Comprender la importancia de contar con procedimientos que permitan mantener un est\u00e1ndar en la gesti\u00f3n integral del servicio.<br>Analizar y entender la importancia de brindar un servicio c\u00e1lido.<br>Adquirir un enfoque cr\u00edtico para lograr la mejora continua en nuestro \u00e1mbito laboral.<br>Lograr la total satisfacci\u00f3n del cliente.<\/p>\n\n\n\n<p><strong>* Enfoque<br><\/strong><br>En el mundo actual las empresas deben enfocarse y pensar en cubrir las necesidades de la satisfacci\u00f3n total del cliente.<br>En estos tiempos de donde los cambios son constantes y las necesidades de consumo avanzan de manera acelerada debemos estar preparados para adaptarnos r\u00e1pidamente a este nuevo contexto.<br>Pero existen una serie de factores que no cambian en la percepci\u00f3n final del cliente: La calidad en la prestaci\u00f3n de los servicios, sumados a la calidez en el trato.<br>Comprender la importancia de estos aspectos son los ejes diferenciadores que nos permiten sobresalir con respecto a nuestra competencia.<br>Gestionar el servicio a trav\u00e9s de la aplicaci\u00f3n de procedimientos de trabajo acompa\u00f1ados por una alta actitud para satisfacer las necesidades de los consumidores, y as\u00ed lograr que nuestros clientes sepan percibir estas cualidades que nos hacen \u00fanicos y diferentes con respecto a la competencia.<\/p>\n\n\n\n<p><strong>* Contenidos<\/strong><br>La importancia del servicio<br>Concepto de Calidad y Calidez en el Servicio<br>Presentaci\u00f3n Personal<br>Imagen que reflejamos ante el cliente<br>La importancia del Contacto Directo<br>Comunicaci\u00f3n asertiva<\/p>\n\n\n\n<p><strong>* Destinatarios:<br><\/strong>Hoteler\u00eda y\/o Gastronom\u00eda. Toda persona que desempe\u00f1e funciones profesionales dentro de estos \u00e1mbitos de trabajos (Staff Directivo y Empresarios, Gerentes, Encargados, Mandos Medios y Personal de Base)<\/p>\n","protected":false},"excerpt":{"rendered":"<p>Dentro de las actividades que el CCIT viene proponiendo para ofrecer oportunidades de capacitaci\u00f3n, con beneficios para los socios de la entidad se abre la inscripci\u00f3n para el curso denominado \u00abCalidad, calidez y atenci\u00f3n en el servicio para gastronom\u00eda y hoteler\u00eda\u00bb. En una ciudad con una reconocida din\u00e1mica asociada al turismo esta propuesta se presenta [&hellip;]<\/p>\n","protected":false},"author":4,"featured_media":117239,"comment_status":"closed","ping_status":"closed","sticky":false,"template":"","format":"standard","meta":{"om_disable_all_campaigns":false,"_jetpack_memberships_contains_paid_content":false,"footnotes":""},"categories":[50,101,2],"tags":[197,696,33,19],"class_list":["post-117238","post","type-post","status-publish","format-standard","has-post-thumbnail","hentry","category-destacadas","category-interes-general-locales","category-locales","tag-buenos-aires","tag-interes-general","tag-locales","tag-san-pedro"],"aioseo_notices":[],"gutentor_comment":0,"jetpack_featured_media_url":"https:\/\/eldiariodesanpedro.com.ar\/sitio\/wp-content\/uploads\/2023\/04\/Que-hace-un-gastronomo.jpg","jetpack_shortlink":"https:\/\/wp.me\/p6RhLt-uuW","jetpack_sharing_enabled":true,"_links":{"self":[{"href":"https:\/\/eldiariodesanpedro.com.ar\/sitio\/wp-json\/wp\/v2\/posts\/117238","targetHints":{"allow":["GET"]}}],"collection":[{"href":"https:\/\/eldiariodesanpedro.com.ar\/sitio\/wp-json\/wp\/v2\/posts"}],"about":[{"href":"https:\/\/eldiariodesanpedro.com.ar\/sitio\/wp-json\/wp\/v2\/types\/post"}],"author":[{"embeddable":true,"href":"https:\/\/eldiariodesanpedro.com.ar\/sitio\/wp-json\/wp\/v2\/users\/4"}],"replies":[{"embeddable":true,"href":"https:\/\/eldiariodesanpedro.com.ar\/sitio\/wp-json\/wp\/v2\/comments?post=117238"}],"version-history":[{"count":1,"href":"https:\/\/eldiariodesanpedro.com.ar\/sitio\/wp-json\/wp\/v2\/posts\/117238\/revisions"}],"predecessor-version":[{"id":117240,"href":"https:\/\/eldiariodesanpedro.com.ar\/sitio\/wp-json\/wp\/v2\/posts\/117238\/revisions\/117240"}],"wp:featuredmedia":[{"embeddable":true,"href":"https:\/\/eldiariodesanpedro.com.ar\/sitio\/wp-json\/wp\/v2\/media\/117239"}],"wp:attachment":[{"href":"https:\/\/eldiariodesanpedro.com.ar\/sitio\/wp-json\/wp\/v2\/media?parent=117238"}],"wp:term":[{"taxonomy":"category","embeddable":true,"href":"https:\/\/eldiariodesanpedro.com.ar\/sitio\/wp-json\/wp\/v2\/categories?post=117238"},{"taxonomy":"post_tag","embeddable":true,"href":"https:\/\/eldiariodesanpedro.com.ar\/sitio\/wp-json\/wp\/v2\/tags?post=117238"}],"curies":[{"name":"wp","href":"https:\/\/api.w.org\/{rel}","templated":true}]}}