{"id":117226,"date":"2023-04-19T21:50:38","date_gmt":"2023-04-20T00:50:38","guid":{"rendered":"https:\/\/eldiariodesanpedro.com.ar\/sitio\/?p=117226"},"modified":"2023-04-19T21:50:40","modified_gmt":"2023-04-20T00:50:40","slug":"convenio-con-la-agencia-regulatoria-de-la-industria-del-canamo-y-del-cannabis-medicinal","status":"publish","type":"post","link":"https:\/\/eldiariodesanpedro.com.ar\/sitio\/convenio-con-la-agencia-regulatoria-de-la-industria-del-canamo-y-del-cannabis-medicinal\/","title":{"rendered":"Convenio con la Agencia Regulatoria de la Industria del C\u00e1\u00f1amo y del Cannabis Medicinal"},"content":{"rendered":"<!-- VideographyWP Plugin Message: Automatic video embedding prevented by plugin options. -->\n\n<p>El Intendente Cecilio Salazar firm\u00f3 esta tarde con el Dr. Francisco Jos\u00e9 Echarre, presidente de la ARICCAME, Agencia Regulatoria de la Industria del C\u00e1\u00f1amo y Cannabis Medicinal, un convenio de cooperaci\u00f3n, desarrollo y colaboraci\u00f3n, que constituye un nuevo paso hacia la concreci\u00f3n de los proyectos que se vienen impulsando en San Pedro, con las tareas de investigaci\u00f3n y desarrollo que se realizan en el marco de un convenio con INTA San Pedro y una empresa privada.<\/p>\n\n\n\n<p>La Agencia Regulatoria de la Industria del C\u00e1\u00f1amo y del Cannabis Medicinal (ARICCAME) oficialmente creada hace pocos meses en la \u00f3rbita de la Secretar\u00eda de Industria y Desarrollo Productivo del Ministerio de Econom\u00eda, tiene como misi\u00f3n regular toda la actividad econ\u00f3mica de la cadena productiva del c\u00e1\u00f1amo y cannabis para uso medicinal e industrial: importaci\u00f3n, exportaci\u00f3n, cultivo, producci\u00f3n industrial, fabricaci\u00f3n, comercializaci\u00f3n y adquisici\u00f3n de semillas de las plantas y de sus productos derivados con fines medicinales o industriales.<\/p>\n\n\n\n<p>En ese contexto y avanzando en cada uno de los planos que deben articularse entre quienes comparten este tipo de iniciativas, el respaldo de la Agencia es estrat\u00e9gico para seguir adelante.<\/p>\n\n\n\n<p>El convenio tiene una vigencia (prorrogable) de 2 a\u00f1os y promueve acciones institucionales para desarrollar en forma conjunta, programas o proyectos de car\u00e1cter cient\u00edfico, t\u00e9cnico, cultural, educativo y de capacitaci\u00f3n, a trav\u00e9s de futuros convenios espec\u00edficos.<\/p>\n\n\n\n<p>De esta manera, las etapas que dependen de autorizaciones gubernamentales. que deben adecuarse al marco regulatorio establecido podr\u00e1n agilizarse, acompa\u00f1ando la tarea que se viene realizando junto al INTA y a la empresa.<\/p>\n\n\n\n<figure class=\"wp-block-image size-full\"><img decoding=\"async\" width=\"944\" height=\"630\" data-attachment-id=\"117227\" data-permalink=\"https:\/\/eldiariodesanpedro.com.ar\/sitio\/convenio-con-la-agencia-regulatoria-de-la-industria-del-canamo-y-del-cannabis-medicinal\/whatsapp-image-2023-04-19-at-20-31-36\/\" data-orig-file=\"https:\/\/eldiariodesanpedro.com.ar\/sitio\/wp-content\/uploads\/2023\/04\/WhatsApp-Image-2023-04-19-at-20.31.36.jpeg\" data-orig-size=\"944,630\" data-comments-opened=\"0\" data-image-meta=\"{&quot;aperture&quot;:&quot;0&quot;,&quot;credit&quot;:&quot;&quot;,&quot;camera&quot;:&quot;&quot;,&quot;caption&quot;:&quot;&quot;,&quot;created_timestamp&quot;:&quot;0&quot;,&quot;copyright&quot;:&quot;&quot;,&quot;focal_length&quot;:&quot;0&quot;,&quot;iso&quot;:&quot;0&quot;,&quot;shutter_speed&quot;:&quot;0&quot;,&quot;title&quot;:&quot;&quot;,&quot;orientation&quot;:&quot;0&quot;}\" data-image-title=\"WhatsApp Image 2023-04-19 at 20.31.36\" data-image-description=\"\" data-image-caption=\"\" data-large-file=\"https:\/\/eldiariodesanpedro.com.ar\/sitio\/wp-content\/uploads\/2023\/04\/WhatsApp-Image-2023-04-19-at-20.31.36.jpeg\" data-src=\"https:\/\/eldiariodesanpedro.com.ar\/sitio\/wp-content\/uploads\/2023\/04\/WhatsApp-Image-2023-04-19-at-20.31.36.jpeg\" alt=\"\" class=\"wp-image-117227 lazyload\" data-srcset=\"https:\/\/eldiariodesanpedro.com.ar\/sitio\/wp-content\/uploads\/2023\/04\/WhatsApp-Image-2023-04-19-at-20.31.36.jpeg 944w, https:\/\/eldiariodesanpedro.com.ar\/sitio\/wp-content\/uploads\/2023\/04\/WhatsApp-Image-2023-04-19-at-20.31.36-300x200.jpeg 300w, https:\/\/eldiariodesanpedro.com.ar\/sitio\/wp-content\/uploads\/2023\/04\/WhatsApp-Image-2023-04-19-at-20.31.36-768x513.jpeg 768w\" data-sizes=\"(max-width: 944px) 100vw, 944px\" src=\"data:image\/svg+xml;base64,PHN2ZyB3aWR0aD0iMSIgaGVpZ2h0PSIxIiB4bWxucz0iaHR0cDovL3d3dy53My5vcmcvMjAwMC9zdmciPjwvc3ZnPg==\" style=\"--smush-placeholder-width: 944px; --smush-placeholder-aspect-ratio: 944\/630;\" \/><\/figure>\n","protected":false},"excerpt":{"rendered":"<p>El Intendente Cecilio Salazar firm\u00f3 esta tarde con el Dr. Francisco Jos\u00e9 Echarre, presidente de la ARICCAME, Agencia Regulatoria de la Industria del C\u00e1\u00f1amo y Cannabis Medicinal, un convenio de cooperaci\u00f3n, desarrollo y colaboraci\u00f3n, que constituye un nuevo paso hacia la concreci\u00f3n de los proyectos que se vienen impulsando en San Pedro, con las tareas [&hellip;]<\/p>\n","protected":false},"author":4,"featured_media":117228,"comment_status":"closed","ping_status":"closed","sticky":false,"template":"","format":"standard","meta":{"om_disable_all_campaigns":false,"_jetpack_memberships_contains_paid_content":false,"footnotes":""},"categories":[50,101,2],"tags":[197,696,33,19],"class_list":["post-117226","post","type-post","status-publish","format-standard","has-post-thumbnail","hentry","category-destacadas","category-interes-general-locales","category-locales","tag-buenos-aires","tag-interes-general","tag-locales","tag-san-pedro"],"aioseo_notices":[],"gutentor_comment":0,"jetpack_featured_media_url":"https:\/\/eldiariodesanpedro.com.ar\/sitio\/wp-content\/uploads\/2023\/04\/WhatsApp-Image-2023-04-19-at-20.31.37.jpeg","jetpack_shortlink":"https:\/\/wp.me\/p6RhLt-uuK","jetpack_sharing_enabled":true,"_links":{"self":[{"href":"https:\/\/eldiariodesanpedro.com.ar\/sitio\/wp-json\/wp\/v2\/posts\/117226","targetHints":{"allow":["GET"]}}],"collection":[{"href":"https:\/\/eldiariodesanpedro.com.ar\/sitio\/wp-json\/wp\/v2\/posts"}],"about":[{"href":"https:\/\/eldiariodesanpedro.com.ar\/sitio\/wp-json\/wp\/v2\/types\/post"}],"author":[{"embeddable":true,"href":"https:\/\/eldiariodesanpedro.com.ar\/sitio\/wp-json\/wp\/v2\/users\/4"}],"replies":[{"embeddable":true,"href":"https:\/\/eldiariodesanpedro.com.ar\/sitio\/wp-json\/wp\/v2\/comments?post=117226"}],"version-history":[{"count":1,"href":"https:\/\/eldiariodesanpedro.com.ar\/sitio\/wp-json\/wp\/v2\/posts\/117226\/revisions"}],"predecessor-version":[{"id":117229,"href":"https:\/\/eldiariodesanpedro.com.ar\/sitio\/wp-json\/wp\/v2\/posts\/117226\/revisions\/117229"}],"wp:featuredmedia":[{"embeddable":true,"href":"https:\/\/eldiariodesanpedro.com.ar\/sitio\/wp-json\/wp\/v2\/media\/117228"}],"wp:attachment":[{"href":"https:\/\/eldiariodesanpedro.com.ar\/sitio\/wp-json\/wp\/v2\/media?parent=117226"}],"wp:term":[{"taxonomy":"category","embeddable":true,"href":"https:\/\/eldiariodesanpedro.com.ar\/sitio\/wp-json\/wp\/v2\/categories?post=117226"},{"taxonomy":"post_tag","embeddable":true,"href":"https:\/\/eldiariodesanpedro.com.ar\/sitio\/wp-json\/wp\/v2\/tags?post=117226"}],"curies":[{"name":"wp","href":"https:\/\/api.w.org\/{rel}","templated":true}]}}