{"id":117222,"date":"2023-04-19T21:35:30","date_gmt":"2023-04-20T00:35:30","guid":{"rendered":"https:\/\/eldiariodesanpedro.com.ar\/sitio\/?p=117222"},"modified":"2023-04-19T21:37:32","modified_gmt":"2023-04-20T00:37:32","slug":"el-gobierno-continua-la-construccion-de-viviendas-en-villa-depietri-a-pesar-de-resolucion-judicial","status":"publish","type":"post","link":"https:\/\/eldiariodesanpedro.com.ar\/sitio\/el-gobierno-continua-la-construccion-de-viviendas-en-villa-depietri-a-pesar-de-resolucion-judicial\/","title":{"rendered":"El gobierno contin\u00faa la construcci\u00f3n de viviendas en Villa Depietri a pesar de resoluci\u00f3n judicial"},"content":{"rendered":"<!-- VideographyWP Plugin Message: Automatic video embedding prevented by plugin options. -->\n\n<p>La Municipalidad de San Pedro emiti\u00f3 un comunicado en el que informa a la comunidad y, en especial, a los beneficiarios del sorteo de las 84 viviendas que se est\u00e1n construyendo en Villa Depietri, que, a pesar de la difusi\u00f3n de una resoluci\u00f3n judicial que \u00abinvalidar\u00eda\u00bb la preadjudicaci\u00f3n realizada por sorteo el pasado 25 de febrero, la obra contin\u00faa y se est\u00e1n implementando todas las acciones legales y gestiones institucionales necesarias para cumplir con lo dispuesto por el decreto correspondiente.<\/p>\n\n\n\n<p>El gobierno municipal quiere transmitir tranquilidad a los beneficiarios de esta importante obra destinada a resolver la situaci\u00f3n habitacional de un grupo importante de vecinos y vecinas de San Pedro. Desde todas las \u00e1reas involucradas en los diferentes \u00e1mbitos del proceso, se est\u00e1 trabajando para responder a esta resoluci\u00f3n por la v\u00eda judicial y se est\u00e1n llevando a cabo gestiones institucionales con reuniones ya previstas para resolver esta situaci\u00f3n a la brevedad posible.<\/p>\n\n\n\n<p>Es importante destacar que, a pesar de los obst\u00e1culos que puedan surgir, la Municipalidad de San Pedro mantiene su compromiso con la construcci\u00f3n de estas viviendas, cuyo fin es mejorar las condiciones habitacionales de un grupo significativo de habitantes de la ciudad. Se insta a la comunidad a mantener la calma y la paciencia ante esta situaci\u00f3n, ya que se est\u00e1n realizando todos los esfuerzos necesarios para resolver este problema lo antes posible y garantizar que las viviendas sean entregadas a sus leg\u00edtimos beneficiarios.<\/p>\n","protected":false},"excerpt":{"rendered":"<p>La Municipalidad de San Pedro emiti\u00f3 un comunicado en el que informa a la comunidad y, en especial, a los beneficiarios del sorteo de las 84 viviendas que se est\u00e1n construyendo en Villa Depietri, que, a pesar de la difusi\u00f3n de una resoluci\u00f3n judicial que \u00abinvalidar\u00eda\u00bb la preadjudicaci\u00f3n realizada por sorteo el pasado 25 de [&hellip;]<\/p>\n","protected":false},"author":4,"featured_media":115359,"comment_status":"closed","ping_status":"closed","sticky":false,"template":"","format":"standard","meta":{"om_disable_all_campaigns":false,"_jetpack_memberships_contains_paid_content":false,"footnotes":""},"categories":[50,101,2],"tags":[],"class_list":["post-117222","post","type-post","status-publish","format-standard","has-post-thumbnail","hentry","category-destacadas","category-interes-general-locales","category-locales"],"aioseo_notices":[],"gutentor_comment":0,"jetpack_featured_media_url":"https:\/\/eldiariodesanpedro.com.ar\/sitio\/wp-content\/uploads\/2023\/02\/IMG-20230226-WA0003.jpg","jetpack_shortlink":"https:\/\/wp.me\/p6RhLt-uuG","jetpack_sharing_enabled":true,"_links":{"self":[{"href":"https:\/\/eldiariodesanpedro.com.ar\/sitio\/wp-json\/wp\/v2\/posts\/117222","targetHints":{"allow":["GET"]}}],"collection":[{"href":"https:\/\/eldiariodesanpedro.com.ar\/sitio\/wp-json\/wp\/v2\/posts"}],"about":[{"href":"https:\/\/eldiariodesanpedro.com.ar\/sitio\/wp-json\/wp\/v2\/types\/post"}],"author":[{"embeddable":true,"href":"https:\/\/eldiariodesanpedro.com.ar\/sitio\/wp-json\/wp\/v2\/users\/4"}],"replies":[{"embeddable":true,"href":"https:\/\/eldiariodesanpedro.com.ar\/sitio\/wp-json\/wp\/v2\/comments?post=117222"}],"version-history":[{"count":3,"href":"https:\/\/eldiariodesanpedro.com.ar\/sitio\/wp-json\/wp\/v2\/posts\/117222\/revisions"}],"predecessor-version":[{"id":117225,"href":"https:\/\/eldiariodesanpedro.com.ar\/sitio\/wp-json\/wp\/v2\/posts\/117222\/revisions\/117225"}],"wp:featuredmedia":[{"embeddable":true,"href":"https:\/\/eldiariodesanpedro.com.ar\/sitio\/wp-json\/wp\/v2\/media\/115359"}],"wp:attachment":[{"href":"https:\/\/eldiariodesanpedro.com.ar\/sitio\/wp-json\/wp\/v2\/media?parent=117222"}],"wp:term":[{"taxonomy":"category","embeddable":true,"href":"https:\/\/eldiariodesanpedro.com.ar\/sitio\/wp-json\/wp\/v2\/categories?post=117222"},{"taxonomy":"post_tag","embeddable":true,"href":"https:\/\/eldiariodesanpedro.com.ar\/sitio\/wp-json\/wp\/v2\/tags?post=117222"}],"curies":[{"name":"wp","href":"https:\/\/api.w.org\/{rel}","templated":true}]}}