{"id":116828,"date":"2023-04-11T12:48:55","date_gmt":"2023-04-11T15:48:55","guid":{"rendered":"https:\/\/eldiariodesanpedro.com.ar\/sitio\/?p=116828"},"modified":"2023-04-11T12:48:57","modified_gmt":"2023-04-11T15:48:57","slug":"vecinos-del-barrio-san-roque-crearon-la-comision-de-fomento","status":"publish","type":"post","link":"https:\/\/eldiariodesanpedro.com.ar\/sitio\/vecinos-del-barrio-san-roque-crearon-la-comision-de-fomento\/","title":{"rendered":"Vecinos del Barrio San Roque crearon la Comisi\u00f3n de Fomento"},"content":{"rendered":"<!-- VideographyWP Plugin Message: Automatic video embedding prevented by plugin options. -->\n\n<p>La Direcci\u00f3n de Comisiones de Fomento contin\u00faa apoyando a los grupos existentes y motivando a los barrios que a\u00fan no han conformado sus comisiones a hacerlo. El lunes pasado, la titular del \u00e1rea, Jimena Mari\u00f1o, lider\u00f3 la reuni\u00f3n para la creaci\u00f3n de la Comisi\u00f3n de Fomento de Barrio San Roque, compuesta por los siguientes miembros:<\/p>\n\n\n\n<p>Presidente: Claudia L\u00f3pez<br>Vicepresidente: Samanta Zarate<br>Secretario: Liliana G\u00f3mez<br>Prosecretario: Mart\u00edn Pagano<br>Tesorero: Carlos N\u00fa\u00f1ez<br>Protesorero: Ariel Sosa<br>Vocales: Andr\u00e9s Parissi, Teresa Castro, Micaela Baldarino, Ivana N\u00fa\u00f1ez, Ysabel Viero, Paula Fern\u00e1ndez, Claudia Fusi, Nancy Churruarin, Liliana Peralta, Alberto Reynoso, Alberto Corbal\u00e1n.<\/p>\n\n\n\n<p>La Direcci\u00f3n continuar\u00e1 planificando reuniones en otros barrios de la ciudad para mantener una comunicaci\u00f3n cercana con los vecinos, estimulando las comisiones existentes y creando o reactivando las comisiones en desuso. A trav\u00e9s de las comisiones, se busca resolver las problem\u00e1ticas que aquejan a los distintos barrios, trabajando en conjunto con funcionarios de todas las \u00e1reas.<\/p>\n","protected":false},"excerpt":{"rendered":"<p>La Direcci\u00f3n de Comisiones de Fomento contin\u00faa apoyando a los grupos existentes y motivando a los barrios que a\u00fan no han conformado sus comisiones a hacerlo. El lunes pasado, la titular del \u00e1rea, Jimena Mari\u00f1o, lider\u00f3 la reuni\u00f3n para la creaci\u00f3n de la Comisi\u00f3n de Fomento de Barrio San Roque, compuesta por los siguientes miembros: [&hellip;]<\/p>\n","protected":false},"author":4,"featured_media":116829,"comment_status":"closed","ping_status":"closed","sticky":false,"template":"","format":"standard","meta":{"om_disable_all_campaigns":false,"_jetpack_memberships_contains_paid_content":false,"footnotes":""},"categories":[50,101,2],"tags":[197,696,33,19,3510],"class_list":["post-116828","post","type-post","status-publish","format-standard","has-post-thumbnail","hentry","category-destacadas","category-interes-general-locales","category-locales","tag-buenos-aires","tag-interes-general","tag-locales","tag-san-pedro","tag-vecinos-del-barrio-san-roque-crearon-la-comision-de-fomento"],"aioseo_notices":[],"gutentor_comment":0,"jetpack_featured_media_url":"https:\/\/eldiariodesanpedro.com.ar\/sitio\/wp-content\/uploads\/2023\/04\/WhatsApp-Image-2023-04-11-at-12.29.44.jpeg","jetpack_shortlink":"https:\/\/wp.me\/p6RhLt-uok","jetpack_sharing_enabled":true,"_links":{"self":[{"href":"https:\/\/eldiariodesanpedro.com.ar\/sitio\/wp-json\/wp\/v2\/posts\/116828","targetHints":{"allow":["GET"]}}],"collection":[{"href":"https:\/\/eldiariodesanpedro.com.ar\/sitio\/wp-json\/wp\/v2\/posts"}],"about":[{"href":"https:\/\/eldiariodesanpedro.com.ar\/sitio\/wp-json\/wp\/v2\/types\/post"}],"author":[{"embeddable":true,"href":"https:\/\/eldiariodesanpedro.com.ar\/sitio\/wp-json\/wp\/v2\/users\/4"}],"replies":[{"embeddable":true,"href":"https:\/\/eldiariodesanpedro.com.ar\/sitio\/wp-json\/wp\/v2\/comments?post=116828"}],"version-history":[{"count":1,"href":"https:\/\/eldiariodesanpedro.com.ar\/sitio\/wp-json\/wp\/v2\/posts\/116828\/revisions"}],"predecessor-version":[{"id":116830,"href":"https:\/\/eldiariodesanpedro.com.ar\/sitio\/wp-json\/wp\/v2\/posts\/116828\/revisions\/116830"}],"wp:featuredmedia":[{"embeddable":true,"href":"https:\/\/eldiariodesanpedro.com.ar\/sitio\/wp-json\/wp\/v2\/media\/116829"}],"wp:attachment":[{"href":"https:\/\/eldiariodesanpedro.com.ar\/sitio\/wp-json\/wp\/v2\/media?parent=116828"}],"wp:term":[{"taxonomy":"category","embeddable":true,"href":"https:\/\/eldiariodesanpedro.com.ar\/sitio\/wp-json\/wp\/v2\/categories?post=116828"},{"taxonomy":"post_tag","embeddable":true,"href":"https:\/\/eldiariodesanpedro.com.ar\/sitio\/wp-json\/wp\/v2\/tags?post=116828"}],"curies":[{"name":"wp","href":"https:\/\/api.w.org\/{rel}","templated":true}]}}