{"id":116825,"date":"2023-04-11T12:35:35","date_gmt":"2023-04-11T15:35:35","guid":{"rendered":"https:\/\/eldiariodesanpedro.com.ar\/sitio\/?p=116825"},"modified":"2023-04-11T12:35:37","modified_gmt":"2023-04-11T15:35:37","slug":"animate-vos-vales-sedes-y-horarios-del-programa","status":"publish","type":"post","link":"https:\/\/eldiariodesanpedro.com.ar\/sitio\/animate-vos-vales-sedes-y-horarios-del-programa\/","title":{"rendered":"\u201cAnimate Vos Val\u00e9s\u201d sedes y horarios del programa"},"content":{"rendered":"<!-- VideographyWP Plugin Message: Automatic video embedding prevented by plugin options. -->\n\n<p>La Direcci\u00f3n de Deportes de la Municipalidad de San Pedro informa los horarios y sedes en los cuales se llevar\u00e1n a cabo las actividades del \u201cAnimate Vos Val\u00e9s\u201d, un programa impulsado por la Municipalidad, que tiene como objetivo fomentar la pr\u00e1ctica de deportes y actividades f\u00edsicas en diferentes barrios y localidades del partido de San Pedro.<\/p>\n\n\n\n<p>El programa incluye una amplia variedad de actividades, como canotaje, deportes, karate, pelota paleta, boxeo, entrenamiento funcional y m\u00e1s, que se llevan a cabo en distintos horarios y sedes distribuidas por la ciudad.<\/p>\n\n\n\n<p>Barrio Canaletas: en la Cooperativa Canaletas se realizar\u00e1 la actividad de canotaje los d\u00edas lunes de 14 a 16 hs, martes de 14 a 17 hs, mi\u00e9rcoles de 14 a 16 hs, jueves de 17 a 18 hs y s\u00e1bados de 9 a 13 hs.<\/p>\n\n\n\n<p>Club Am\u00e9rica: la actividad ser\u00e1 de deportes los d\u00edas lunes y mi\u00e9rcoles de 17.30 a 19 hs.<\/p>\n\n\n\n<p>Barrio San Francisco: en el C.I.C. se llevar\u00e1n a cabo dos actividades diferentes, deportes los d\u00edas lunes de 10.30 a 11.30 hs y mi\u00e9rcoles de 13 a 14.30 hs, y karate los d\u00edas lunes y jueves de 13 a 14 hs.<\/p>\n\n\n\n<p>Barrio Benefactora Sampedrina: en el play\u00f3n deportivo se realizar\u00e1 la actividad de deportes los d\u00edas martes y jueves de 16 a 17 hs.<\/p>\n\n\n\n<p>Barrio Los Aromos: en la plaza y en la sede de la Comisi\u00f3n de Fomento se llevar\u00e1 a cabo la actividad de deportes los d\u00edas lunes y mi\u00e9rcoles de 17 a 18 hs.<\/p>\n\n\n\n<p>Barrio Bajo Tala: en el Espacio Municipal se realizar\u00e1 la actividad de deportes los d\u00edas martes y jueves de 16.30 a 18.30 hs.<\/p>\n\n\n\n<p>Barrio 291: en la plaza se llevar\u00e1 a cabo la actividad de deportes los d\u00edas martes y viernes de 17 a 18 hs.<\/p>\n\n\n\n<p>Centro: en el Centro de comercio se realizar\u00e1 la actividad de pelota paleta, con iniciaci\u00f3n los d\u00edas lunes, mi\u00e9rcoles y viernes de 17 a 18 hs, y avanzados los mismos d\u00edas pero de 18 a 19.30 hs. Tambi\u00e9n se realizar\u00e1 esta actividad los d\u00edas martes y jueves de 17 a 18.30 hs para mujeres.<\/p>\n\n\n\n<p>Estadio Municipal: en el Gimnasio se llevar\u00e1 a cabo la actividad de boxeo los d\u00edas lunes, mi\u00e9rcoles y viernes, con horarios para ni\u00f1os de 18 hs, recreativo de 19 hs y avanzado de 20 hs.<\/p>\n\n\n\n<p>Villa Lolita: en la plaza se realizar\u00e1 la actividad de deportes los d\u00edas mi\u00e9rcoles y viernes de 17 a 18 hs.<\/p>\n\n\n\n<p>Barrio La Tosquera: en el Espacio Municipal se llevar\u00e1 a cabo la actividad de deportes los d\u00edas lunes y mi\u00e9rcoles de 17 a 19 hs.<\/p>\n\n\n\n<p>Barrio Banfield: en el Play\u00f3n se realizar\u00e1 la actividad de deportes los d\u00edas lunes de 14 a 16 hs.<\/p>\n\n\n\n<p>Barrio Villa Igoillo: en la comisi\u00f3n de fomento se llevar\u00e1 a cabo la actividad de Entrenamiento Funcional Adultos (E.F.A) los d\u00edas lunes, mi\u00e9rcoles y jueves de 18 hs a 19 hs.<\/p>\n\n\n\n<p>Doyle: en el club o plaza se realizar\u00e1 la actividad de EFA los d\u00edas lunes y mi\u00e9rcoles de 16.30 a 18.30 hs.<\/p>\n\n\n\n<p>Para m\u00e1s informaci\u00f3n, los interesados pueden acercarse a la Direcci\u00f3n de Deportes ubicada en el Estadio Municipal.<\/p>\n\n\n\n<figure class=\"wp-block-image size-full\"><img decoding=\"async\" width=\"630\" height=\"630\" data-attachment-id=\"116826\" data-permalink=\"https:\/\/eldiariodesanpedro.com.ar\/sitio\/animate-vos-vales-sedes-y-horarios-del-programa\/whatsapp-image-2023-04-11-at-11-35-58\/\" data-orig-file=\"https:\/\/eldiariodesanpedro.com.ar\/sitio\/wp-content\/uploads\/2023\/04\/WhatsApp-Image-2023-04-11-at-11.35.58.jpeg\" data-orig-size=\"630,630\" data-comments-opened=\"0\" data-image-meta=\"{&quot;aperture&quot;:&quot;0&quot;,&quot;credit&quot;:&quot;&quot;,&quot;camera&quot;:&quot;&quot;,&quot;caption&quot;:&quot;&quot;,&quot;created_timestamp&quot;:&quot;0&quot;,&quot;copyright&quot;:&quot;&quot;,&quot;focal_length&quot;:&quot;0&quot;,&quot;iso&quot;:&quot;0&quot;,&quot;shutter_speed&quot;:&quot;0&quot;,&quot;title&quot;:&quot;&quot;,&quot;orientation&quot;:&quot;0&quot;}\" data-image-title=\"WhatsApp-Image-2023-04-11-at-11.35.58\" data-image-description=\"\" data-image-caption=\"\" data-large-file=\"https:\/\/eldiariodesanpedro.com.ar\/sitio\/wp-content\/uploads\/2023\/04\/WhatsApp-Image-2023-04-11-at-11.35.58.jpeg\" data-src=\"https:\/\/eldiariodesanpedro.com.ar\/sitio\/wp-content\/uploads\/2023\/04\/WhatsApp-Image-2023-04-11-at-11.35.58.jpeg\" alt=\"\" class=\"wp-image-116826 lazyload\" data-srcset=\"https:\/\/eldiariodesanpedro.com.ar\/sitio\/wp-content\/uploads\/2023\/04\/WhatsApp-Image-2023-04-11-at-11.35.58.jpeg 630w, https:\/\/eldiariodesanpedro.com.ar\/sitio\/wp-content\/uploads\/2023\/04\/WhatsApp-Image-2023-04-11-at-11.35.58-300x300.jpeg 300w, https:\/\/eldiariodesanpedro.com.ar\/sitio\/wp-content\/uploads\/2023\/04\/WhatsApp-Image-2023-04-11-at-11.35.58-150x150.jpeg 150w\" data-sizes=\"(max-width: 630px) 100vw, 630px\" src=\"data:image\/svg+xml;base64,PHN2ZyB3aWR0aD0iMSIgaGVpZ2h0PSIxIiB4bWxucz0iaHR0cDovL3d3dy53My5vcmcvMjAwMC9zdmciPjwvc3ZnPg==\" style=\"--smush-placeholder-width: 630px; --smush-placeholder-aspect-ratio: 630\/630;\" \/><\/figure>\n","protected":false},"excerpt":{"rendered":"<p>La Direcci\u00f3n de Deportes de la Municipalidad de San Pedro informa los horarios y sedes en los cuales se llevar\u00e1n a cabo las actividades del \u201cAnimate Vos Val\u00e9s\u201d, un programa impulsado por la Municipalidad, que tiene como objetivo fomentar la pr\u00e1ctica de deportes y actividades f\u00edsicas en diferentes barrios y localidades del partido de San [&hellip;]<\/p>\n","protected":false},"author":4,"featured_media":106161,"comment_status":"closed","ping_status":"closed","sticky":false,"template":"","format":"standard","meta":{"om_disable_all_campaigns":false,"_jetpack_memberships_contains_paid_content":false,"footnotes":""},"categories":[101,2],"tags":[197,696,33,19],"class_list":["post-116825","post","type-post","status-publish","format-standard","has-post-thumbnail","hentry","category-interes-general-locales","category-locales","tag-buenos-aires","tag-interes-general","tag-locales","tag-san-pedro"],"aioseo_notices":[],"gutentor_comment":0,"jetpack_featured_media_url":"https:\/\/eldiariodesanpedro.com.ar\/sitio\/wp-content\/uploads\/2022\/04\/WhatsApp-Image-2021-09-25-at-17.15.22.jpeg","jetpack_shortlink":"https:\/\/wp.me\/p6RhLt-uoh","jetpack_sharing_enabled":true,"_links":{"self":[{"href":"https:\/\/eldiariodesanpedro.com.ar\/sitio\/wp-json\/wp\/v2\/posts\/116825","targetHints":{"allow":["GET"]}}],"collection":[{"href":"https:\/\/eldiariodesanpedro.com.ar\/sitio\/wp-json\/wp\/v2\/posts"}],"about":[{"href":"https:\/\/eldiariodesanpedro.com.ar\/sitio\/wp-json\/wp\/v2\/types\/post"}],"author":[{"embeddable":true,"href":"https:\/\/eldiariodesanpedro.com.ar\/sitio\/wp-json\/wp\/v2\/users\/4"}],"replies":[{"embeddable":true,"href":"https:\/\/eldiariodesanpedro.com.ar\/sitio\/wp-json\/wp\/v2\/comments?post=116825"}],"version-history":[{"count":1,"href":"https:\/\/eldiariodesanpedro.com.ar\/sitio\/wp-json\/wp\/v2\/posts\/116825\/revisions"}],"predecessor-version":[{"id":116827,"href":"https:\/\/eldiariodesanpedro.com.ar\/sitio\/wp-json\/wp\/v2\/posts\/116825\/revisions\/116827"}],"wp:featuredmedia":[{"embeddable":true,"href":"https:\/\/eldiariodesanpedro.com.ar\/sitio\/wp-json\/wp\/v2\/media\/106161"}],"wp:attachment":[{"href":"https:\/\/eldiariodesanpedro.com.ar\/sitio\/wp-json\/wp\/v2\/media?parent=116825"}],"wp:term":[{"taxonomy":"category","embeddable":true,"href":"https:\/\/eldiariodesanpedro.com.ar\/sitio\/wp-json\/wp\/v2\/categories?post=116825"},{"taxonomy":"post_tag","embeddable":true,"href":"https:\/\/eldiariodesanpedro.com.ar\/sitio\/wp-json\/wp\/v2\/tags?post=116825"}],"curies":[{"name":"wp","href":"https:\/\/api.w.org\/{rel}","templated":true}]}}