{"id":116822,"date":"2023-04-11T12:26:49","date_gmt":"2023-04-11T15:26:49","guid":{"rendered":"https:\/\/eldiariodesanpedro.com.ar\/sitio\/?p=116822"},"modified":"2023-04-11T14:05:37","modified_gmt":"2023-04-11T17:05:37","slug":"presentacion-de-la-unidad-de-traslado-con-incubadora-de-transporte-y-un-respirador-para-neonatologia","status":"publish","type":"post","link":"https:\/\/eldiariodesanpedro.com.ar\/sitio\/presentacion-de-la-unidad-de-traslado-con-incubadora-de-transporte-y-un-respirador-para-neonatologia\/","title":{"rendered":"Presentaci\u00f3n de la unidad de traslado con incubadora de transporte y un respirador para neonatolog\u00eda"},"content":{"rendered":"<!-- VideographyWP Plugin Message: Automatic video embedding prevented by plugin options. -->\n\n<p>El Intendente Cecilio Salazar encabez\u00f3 esta ma\u00f1ana un acto frente al Hospital Emilio Ruffa en el que se present\u00f3 la instalaci\u00f3n de equipamiento especial para el traslado de pacientes de neonatolog\u00eda en una de las ambulancias del nosocomio.<\/p>\n\n\n\n<p>Junto al Secretario de Salud, Dr. Pablo Pichioni, al Jefe del Servicio de Pediatr\u00eda, Dr. Leonardo Carri\u00f3n y al Administrador del Hospital, Roberto Borgo, compartieron esta excelente noticia que brinda una cobertura de mayor complejidad al traslado de reci\u00e9n nacidos que requieran asistencia en un centro de mayor complejidad.<br>El Intendente agradeci\u00f3 la donaci\u00f3n que se recibi\u00f3 en Octubre desde la empresa Nucleoel\u00e9ctrica Argentina dentro de un programa \u201cResponsabilidad Social Empresaria\u201d orientado a la salud.<\/p>\n\n\n\n<p>Destac\u00f3 la tarea de todos los trabajadores del Hospital y record\u00f3 que con una gran inversi\u00f3n y esfuerzo se sigue respondiendo desde el municipio y a trav\u00e9s del Hospital a la demanda de un elevado porcentaje de la poblaci\u00f3n.<br>El Secretario de Salud detall\u00f3 las caracter\u00edsticas del equipamiento instalado en esta ambulancia junto al jefe del Servicio de Pediatr\u00eda, m\u00e1ximo responsable del \u00e1rea en la que se debe responder a este tipo de situaciones, quien tambi\u00e9n expres\u00f3 la satisfacci\u00f3n que representa poder contar con estos elementos.<\/p>\n\n\n\n<p>El equipamiento instalado en la ambulancia consiste en, una incubadora de transporte MEDIX TR200 completa con carro, tubo de ox\u00edgeno con regulador, m\u00e1stil porta suero y bater\u00eda, un respirador de transporte Leistung PR5 TT completo con pedestal rodante y porta cilindro de ox\u00edgeno, una incubadora marca MEDIX NATAL CARE, una Cervocuna marca MEDIX Modelo SM-401, un monitor multiparametrico color y una bomba de infusi\u00f3n.<\/p>\n\n\n\n<p>Esta presentaci\u00f3n cont\u00f3 adem\u00e1s con la presencia del grupo \u00abPeque\u00f1os Gigantes\u00bb, que viene trabajando para elevar la capacidad de respuesta ante emergencias de neonatolog\u00eda y que comparti\u00f3 este logro, en el camino hacia concretar la apertura de un servicio espec\u00edfico.<\/p>\n\n\n\n<iframe data-src=\"https:\/\/www.facebook.com\/plugins\/video.php?height=314&amp;href=https%3A%2F%2Fwww.facebook.com%2Feldiario.sanpedro.7%2Fvideos%2F927099638607213%2F&amp;show_text=false&amp;width=560&amp;t=0\" width=\"560\" height=\"314\" style=\"border:none;overflow:hidden\" scrolling=\"no\" frameborder=\"0\" allowfullscreen=\"true\" allow=\"autoplay; clipboard-write; encrypted-media; picture-in-picture; web-share\" src=\"data:image\/svg+xml;base64,PHN2ZyB3aWR0aD0iMSIgaGVpZ2h0PSIxIiB4bWxucz0iaHR0cDovL3d3dy53My5vcmcvMjAwMC9zdmciPjwvc3ZnPg==\" class=\"lazyload\" data-load-mode=\"1\"><\/iframe>\n\n\n\n<figure class=\"wp-block-image size-large\"><img decoding=\"async\" width=\"1024\" height=\"616\" data-attachment-id=\"116847\" data-permalink=\"https:\/\/eldiariodesanpedro.com.ar\/sitio\/presentacion-de-la-unidad-de-traslado-con-incubadora-de-transporte-y-un-respirador-para-neonatologia\/whatsapp-image-2023-04-11-at-13-43-11-1\/\" data-orig-file=\"https:\/\/eldiariodesanpedro.com.ar\/sitio\/wp-content\/uploads\/2023\/04\/WhatsApp-Image-2023-04-11-at-13.43.11-1.jpeg\" data-orig-size=\"1048,630\" data-comments-opened=\"0\" data-image-meta=\"{&quot;aperture&quot;:&quot;0&quot;,&quot;credit&quot;:&quot;&quot;,&quot;camera&quot;:&quot;&quot;,&quot;caption&quot;:&quot;&quot;,&quot;created_timestamp&quot;:&quot;0&quot;,&quot;copyright&quot;:&quot;&quot;,&quot;focal_length&quot;:&quot;0&quot;,&quot;iso&quot;:&quot;0&quot;,&quot;shutter_speed&quot;:&quot;0&quot;,&quot;title&quot;:&quot;&quot;,&quot;orientation&quot;:&quot;0&quot;}\" data-image-title=\"WhatsApp Image 2023-04-11 at 13.43.11 (1)\" data-image-description=\"\" data-image-caption=\"\" data-large-file=\"https:\/\/eldiariodesanpedro.com.ar\/sitio\/wp-content\/uploads\/2023\/04\/WhatsApp-Image-2023-04-11-at-13.43.11-1-1024x616.jpeg\" data-src=\"https:\/\/eldiariodesanpedro.com.ar\/sitio\/wp-content\/uploads\/2023\/04\/WhatsApp-Image-2023-04-11-at-13.43.11-1-1024x616.jpeg\" alt=\"\" class=\"wp-image-116847 lazyload\" data-srcset=\"https:\/\/eldiariodesanpedro.com.ar\/sitio\/wp-content\/uploads\/2023\/04\/WhatsApp-Image-2023-04-11-at-13.43.11-1-1024x616.jpeg 1024w, https:\/\/eldiariodesanpedro.com.ar\/sitio\/wp-content\/uploads\/2023\/04\/WhatsApp-Image-2023-04-11-at-13.43.11-1-300x180.jpeg 300w, https:\/\/eldiariodesanpedro.com.ar\/sitio\/wp-content\/uploads\/2023\/04\/WhatsApp-Image-2023-04-11-at-13.43.11-1-768x462.jpeg 768w, https:\/\/eldiariodesanpedro.com.ar\/sitio\/wp-content\/uploads\/2023\/04\/WhatsApp-Image-2023-04-11-at-13.43.11-1.jpeg 1048w\" data-sizes=\"(max-width: 1024px) 100vw, 1024px\" src=\"data:image\/svg+xml;base64,PHN2ZyB3aWR0aD0iMSIgaGVpZ2h0PSIxIiB4bWxucz0iaHR0cDovL3d3dy53My5vcmcvMjAwMC9zdmciPjwvc3ZnPg==\" style=\"--smush-placeholder-width: 1024px; --smush-placeholder-aspect-ratio: 1024\/616;\" \/><\/figure>\n\n\n\n<figure class=\"wp-block-image size-full\"><img decoding=\"async\" width=\"946\" height=\"630\" data-attachment-id=\"116848\" data-permalink=\"https:\/\/eldiariodesanpedro.com.ar\/sitio\/presentacion-de-la-unidad-de-traslado-con-incubadora-de-transporte-y-un-respirador-para-neonatologia\/whatsapp-image-2023-04-11-at-13-43-11\/\" data-orig-file=\"https:\/\/eldiariodesanpedro.com.ar\/sitio\/wp-content\/uploads\/2023\/04\/WhatsApp-Image-2023-04-11-at-13.43.11.jpeg\" data-orig-size=\"946,630\" data-comments-opened=\"0\" data-image-meta=\"{&quot;aperture&quot;:&quot;0&quot;,&quot;credit&quot;:&quot;&quot;,&quot;camera&quot;:&quot;&quot;,&quot;caption&quot;:&quot;&quot;,&quot;created_timestamp&quot;:&quot;0&quot;,&quot;copyright&quot;:&quot;&quot;,&quot;focal_length&quot;:&quot;0&quot;,&quot;iso&quot;:&quot;0&quot;,&quot;shutter_speed&quot;:&quot;0&quot;,&quot;title&quot;:&quot;&quot;,&quot;orientation&quot;:&quot;0&quot;}\" data-image-title=\"WhatsApp Image 2023-04-11 at 13.43.11\" data-image-description=\"\" data-image-caption=\"\" data-large-file=\"https:\/\/eldiariodesanpedro.com.ar\/sitio\/wp-content\/uploads\/2023\/04\/WhatsApp-Image-2023-04-11-at-13.43.11.jpeg\" data-src=\"https:\/\/eldiariodesanpedro.com.ar\/sitio\/wp-content\/uploads\/2023\/04\/WhatsApp-Image-2023-04-11-at-13.43.11.jpeg\" alt=\"\" class=\"wp-image-116848 lazyload\" data-srcset=\"https:\/\/eldiariodesanpedro.com.ar\/sitio\/wp-content\/uploads\/2023\/04\/WhatsApp-Image-2023-04-11-at-13.43.11.jpeg 946w, https:\/\/eldiariodesanpedro.com.ar\/sitio\/wp-content\/uploads\/2023\/04\/WhatsApp-Image-2023-04-11-at-13.43.11-300x200.jpeg 300w, https:\/\/eldiariodesanpedro.com.ar\/sitio\/wp-content\/uploads\/2023\/04\/WhatsApp-Image-2023-04-11-at-13.43.11-768x511.jpeg 768w\" data-sizes=\"(max-width: 946px) 100vw, 946px\" src=\"data:image\/svg+xml;base64,PHN2ZyB3aWR0aD0iMSIgaGVpZ2h0PSIxIiB4bWxucz0iaHR0cDovL3d3dy53My5vcmcvMjAwMC9zdmciPjwvc3ZnPg==\" style=\"--smush-placeholder-width: 946px; --smush-placeholder-aspect-ratio: 946\/630;\" \/><\/figure>\n\n\n\n<figure class=\"wp-block-image size-full\"><img decoding=\"async\" width=\"900\" height=\"630\" data-attachment-id=\"116849\" data-permalink=\"https:\/\/eldiariodesanpedro.com.ar\/sitio\/presentacion-de-la-unidad-de-traslado-con-incubadora-de-transporte-y-un-respirador-para-neonatologia\/whatsapp-image-2023-04-11-at-13-43-12\/\" data-orig-file=\"https:\/\/eldiariodesanpedro.com.ar\/sitio\/wp-content\/uploads\/2023\/04\/WhatsApp-Image-2023-04-11-at-13.43.12.jpeg\" data-orig-size=\"900,630\" data-comments-opened=\"0\" data-image-meta=\"{&quot;aperture&quot;:&quot;0&quot;,&quot;credit&quot;:&quot;&quot;,&quot;camera&quot;:&quot;&quot;,&quot;caption&quot;:&quot;&quot;,&quot;created_timestamp&quot;:&quot;0&quot;,&quot;copyright&quot;:&quot;&quot;,&quot;focal_length&quot;:&quot;0&quot;,&quot;iso&quot;:&quot;0&quot;,&quot;shutter_speed&quot;:&quot;0&quot;,&quot;title&quot;:&quot;&quot;,&quot;orientation&quot;:&quot;0&quot;}\" data-image-title=\"WhatsApp-Image-2023-04-11-at-13.43.12\" data-image-description=\"\" data-image-caption=\"\" data-large-file=\"https:\/\/eldiariodesanpedro.com.ar\/sitio\/wp-content\/uploads\/2023\/04\/WhatsApp-Image-2023-04-11-at-13.43.12.jpeg\" data-src=\"https:\/\/eldiariodesanpedro.com.ar\/sitio\/wp-content\/uploads\/2023\/04\/WhatsApp-Image-2023-04-11-at-13.43.12.jpeg\" alt=\"\" class=\"wp-image-116849 lazyload\" data-srcset=\"https:\/\/eldiariodesanpedro.com.ar\/sitio\/wp-content\/uploads\/2023\/04\/WhatsApp-Image-2023-04-11-at-13.43.12.jpeg 900w, https:\/\/eldiariodesanpedro.com.ar\/sitio\/wp-content\/uploads\/2023\/04\/WhatsApp-Image-2023-04-11-at-13.43.12-300x210.jpeg 300w, https:\/\/eldiariodesanpedro.com.ar\/sitio\/wp-content\/uploads\/2023\/04\/WhatsApp-Image-2023-04-11-at-13.43.12-768x538.jpeg 768w\" data-sizes=\"(max-width: 900px) 100vw, 900px\" src=\"data:image\/svg+xml;base64,PHN2ZyB3aWR0aD0iMSIgaGVpZ2h0PSIxIiB4bWxucz0iaHR0cDovL3d3dy53My5vcmcvMjAwMC9zdmciPjwvc3ZnPg==\" style=\"--smush-placeholder-width: 900px; --smush-placeholder-aspect-ratio: 900\/630;\" \/><\/figure>\n","protected":false},"excerpt":{"rendered":"<p>El Intendente Cecilio Salazar encabez\u00f3 esta ma\u00f1ana un acto frente al Hospital Emilio Ruffa en el que se present\u00f3 la instalaci\u00f3n de equipamiento especial para el traslado de pacientes de neonatolog\u00eda en una de las ambulancias del nosocomio. Junto al Secretario de Salud, Dr. Pablo Pichioni, al Jefe del Servicio de Pediatr\u00eda, Dr. Leonardo Carri\u00f3n [&hellip;]<\/p>\n","protected":false},"author":4,"featured_media":116823,"comment_status":"closed","ping_status":"closed","sticky":false,"template":"","format":"standard","meta":{"om_disable_all_campaigns":false,"_jetpack_memberships_contains_paid_content":false,"footnotes":""},"categories":[50,101,2],"tags":[197,696,33,19],"class_list":["post-116822","post","type-post","status-publish","format-standard","has-post-thumbnail","hentry","category-destacadas","category-interes-general-locales","category-locales","tag-buenos-aires","tag-interes-general","tag-locales","tag-san-pedro"],"aioseo_notices":[],"gutentor_comment":0,"jetpack_featured_media_url":"https:\/\/eldiariodesanpedro.com.ar\/sitio\/wp-content\/uploads\/2023\/04\/20230411_105215.jpg","jetpack_shortlink":"https:\/\/wp.me\/p6RhLt-uoe","jetpack_sharing_enabled":true,"_links":{"self":[{"href":"https:\/\/eldiariodesanpedro.com.ar\/sitio\/wp-json\/wp\/v2\/posts\/116822","targetHints":{"allow":["GET"]}}],"collection":[{"href":"https:\/\/eldiariodesanpedro.com.ar\/sitio\/wp-json\/wp\/v2\/posts"}],"about":[{"href":"https:\/\/eldiariodesanpedro.com.ar\/sitio\/wp-json\/wp\/v2\/types\/post"}],"author":[{"embeddable":true,"href":"https:\/\/eldiariodesanpedro.com.ar\/sitio\/wp-json\/wp\/v2\/users\/4"}],"replies":[{"embeddable":true,"href":"https:\/\/eldiariodesanpedro.com.ar\/sitio\/wp-json\/wp\/v2\/comments?post=116822"}],"version-history":[{"count":3,"href":"https:\/\/eldiariodesanpedro.com.ar\/sitio\/wp-json\/wp\/v2\/posts\/116822\/revisions"}],"predecessor-version":[{"id":116850,"href":"https:\/\/eldiariodesanpedro.com.ar\/sitio\/wp-json\/wp\/v2\/posts\/116822\/revisions\/116850"}],"wp:featuredmedia":[{"embeddable":true,"href":"https:\/\/eldiariodesanpedro.com.ar\/sitio\/wp-json\/wp\/v2\/media\/116823"}],"wp:attachment":[{"href":"https:\/\/eldiariodesanpedro.com.ar\/sitio\/wp-json\/wp\/v2\/media?parent=116822"}],"wp:term":[{"taxonomy":"category","embeddable":true,"href":"https:\/\/eldiariodesanpedro.com.ar\/sitio\/wp-json\/wp\/v2\/categories?post=116822"},{"taxonomy":"post_tag","embeddable":true,"href":"https:\/\/eldiariodesanpedro.com.ar\/sitio\/wp-json\/wp\/v2\/tags?post=116822"}],"curies":[{"name":"wp","href":"https:\/\/api.w.org\/{rel}","templated":true}]}}