{"id":116819,"date":"2023-04-11T10:21:37","date_gmt":"2023-04-11T13:21:37","guid":{"rendered":"https:\/\/eldiariodesanpedro.com.ar\/sitio\/?p=116819"},"modified":"2023-04-11T10:21:39","modified_gmt":"2023-04-11T13:21:39","slug":"allanamientos-en-cadena-de-kioscos-24-hs","status":"publish","type":"post","link":"https:\/\/eldiariodesanpedro.com.ar\/sitio\/allanamientos-en-cadena-de-kioscos-24-hs\/","title":{"rendered":"Allanamientos en cadena de kioscos 24 hs"},"content":{"rendered":"<!-- VideographyWP Plugin Message: Automatic video embedding prevented by plugin options. -->\n\n<p>La tarde del martes, personal policial de la DDI San Pedro llev\u00f3 a cabo cuatro allanamientos en los comercios de la cadena \u00abDillon 24\u00bb. La acci\u00f3n se llev\u00f3 a cabo despu\u00e9s de una denuncia realizada por el Colegio de Farmac\u00e9uticos de la provincia de Buenos Aires, que sospechaba la venta ilegal de medicamentos recetados en estos negocios.<\/p>\n\n\n\n<p>Los allanamientos se llevaron a cabo en las sucursales de Pellegrini y Tres de Febrero, Salta y Pav\u00f3n, 25 de Mayo y Ayacucho, y en la intersecci\u00f3n de Saavedra y Ansaloni. Los resultados fueron positivos, ya que se encontraron dos tipos de medicamentos que no se pueden vender en estos comercios.<\/p>\n\n\n\n<p>La fiscal Viviani orden\u00f3 el secuestro de los medicamentos encontrados y notific\u00f3 a los responsables de la cadena de comercios sobre la formaci\u00f3n de la causa. La venta ilegal de medicamentos recetados es un delito grave y las autoridades est\u00e1n tomando medidas para garantizar que se aplique la ley en este caso.<\/p>\n","protected":false},"excerpt":{"rendered":"<p>La tarde del martes, personal policial de la DDI San Pedro llev\u00f3 a cabo cuatro allanamientos en los comercios de la cadena \u00abDillon 24\u00bb. La acci\u00f3n se llev\u00f3 a cabo despu\u00e9s de una denuncia realizada por el Colegio de Farmac\u00e9uticos de la provincia de Buenos Aires, que sospechaba la venta ilegal de medicamentos recetados en [&hellip;]<\/p>\n","protected":false},"author":4,"featured_media":116820,"comment_status":"closed","ping_status":"closed","sticky":false,"template":"","format":"standard","meta":{"om_disable_all_campaigns":false,"_jetpack_memberships_contains_paid_content":false,"footnotes":""},"categories":[50,2,103],"tags":[197,33,95,19],"class_list":["post-116819","post","type-post","status-publish","format-standard","has-post-thumbnail","hentry","category-destacadas","category-locales","category-policiales-locales","tag-buenos-aires","tag-locales","tag-policiales","tag-san-pedro"],"aioseo_notices":[],"gutentor_comment":0,"jetpack_featured_media_url":"https:\/\/eldiariodesanpedro.com.ar\/sitio\/wp-content\/uploads\/2023\/04\/WhatsApp-Image-2021-11-02-at-3.30.29-PM-782x600-1.jpeg","jetpack_shortlink":"https:\/\/wp.me\/p6RhLt-uob","jetpack_sharing_enabled":true,"_links":{"self":[{"href":"https:\/\/eldiariodesanpedro.com.ar\/sitio\/wp-json\/wp\/v2\/posts\/116819","targetHints":{"allow":["GET"]}}],"collection":[{"href":"https:\/\/eldiariodesanpedro.com.ar\/sitio\/wp-json\/wp\/v2\/posts"}],"about":[{"href":"https:\/\/eldiariodesanpedro.com.ar\/sitio\/wp-json\/wp\/v2\/types\/post"}],"author":[{"embeddable":true,"href":"https:\/\/eldiariodesanpedro.com.ar\/sitio\/wp-json\/wp\/v2\/users\/4"}],"replies":[{"embeddable":true,"href":"https:\/\/eldiariodesanpedro.com.ar\/sitio\/wp-json\/wp\/v2\/comments?post=116819"}],"version-history":[{"count":1,"href":"https:\/\/eldiariodesanpedro.com.ar\/sitio\/wp-json\/wp\/v2\/posts\/116819\/revisions"}],"predecessor-version":[{"id":116821,"href":"https:\/\/eldiariodesanpedro.com.ar\/sitio\/wp-json\/wp\/v2\/posts\/116819\/revisions\/116821"}],"wp:featuredmedia":[{"embeddable":true,"href":"https:\/\/eldiariodesanpedro.com.ar\/sitio\/wp-json\/wp\/v2\/media\/116820"}],"wp:attachment":[{"href":"https:\/\/eldiariodesanpedro.com.ar\/sitio\/wp-json\/wp\/v2\/media?parent=116819"}],"wp:term":[{"taxonomy":"category","embeddable":true,"href":"https:\/\/eldiariodesanpedro.com.ar\/sitio\/wp-json\/wp\/v2\/categories?post=116819"},{"taxonomy":"post_tag","embeddable":true,"href":"https:\/\/eldiariodesanpedro.com.ar\/sitio\/wp-json\/wp\/v2\/tags?post=116819"}],"curies":[{"name":"wp","href":"https:\/\/api.w.org\/{rel}","templated":true}]}}